{"id":32972,"date":"2018-05-10T21:03:04","date_gmt":"2018-05-11T00:03:04","guid":{"rendered":"https:\/\/eldiariodesanpedro.com.ar\/sitio\/?p=32972"},"modified":"2026-01-24T00:13:41","modified_gmt":"2026-01-24T03:13:41","slug":"atletismo-deportistas-de-san-pedro-en-baradero-y-caba","status":"publish","type":"post","link":"https:\/\/eldiariodesanpedro.com.ar\/sitio\/atletismo-deportistas-de-san-pedro-en-baradero-y-caba\/","title":{"rendered":"ATLETISMO: Deportistas de San Pedro en Baradero y CABA"},"content":{"rendered":"<p><!-- VideographyWP Plugin Message: Automatic video embedding prevented by plugin options. --><br \/>\n  Los corredores del Team y calzados \u00abflyers\u00bb disputaron el pasado fin de semana en Baradero los 10km Keep Running. P\u00eda Muntan\u00e9 fue quien gan\u00f3 en la general damas, Iris Ver\u00f3n fue 2\u00ba y 1\u00ba en su categor\u00eda y Sergio Morales gan\u00f3 la general de 5 km. Los atletas son preparados por el ex atleta Ra\u00fal Llus\u00e1.<\/p>\n<p>  Atl\u00e9tas de Pescadores Running Team estuvieron presentes en la competencia ASICS Golden Run 2018, en CABA, para recorrer un circuito callejero de 21km y 10 km.  <\/p>\n<p>  8 mil corredores de todo el pa\u00eds le dieron un marco excepcional a la ma\u00f1ana del barrio de Palermo, siendo ganador Joaqu\u00edn Arbe los 21 km, Daiana Ocampo entre las mujeres. En la de 10 km Juan Ben\u00edtez se qued\u00f3 con el triunfo y entre las damas Antonella Guerrero Janet.<\/p>\n<p>  Fue esta la segunda etapa ASICS Golden Run 2018 que comenz\u00f3 en la ciudad brasile\u00f1a de salvador y luego de Buenos Aires ser\u00e1 el turno de San Pablo, para despu\u00e9s tambi\u00e9n visitar Colombia y Chile.<\/p>\n<p>  La mayor\u00eda de los corredores del Club que compitieron en los 21km, registraron muy buenos tiempos y, en los 10km se destacaron los chicos de la escuela de running. <\/p>\n<p>Milagros Deveze (13 a\u00f1os) 1ra damas hasta 16 a\u00f1os.<br \/>\nMarcos Miceli (14 a\u00f1os) fue 2do., hasta 16 a\u00f1os, tiempo de 45m46s.<br \/>\nTom\u00e1s Barbieri fue 3ro., hasta 16 a\u00f1os, con tiempo de 46m17s.<\/p>\n","protected":false},"excerpt":{"rendered":"<p>Los corredores del Team y calzados \u00abflyers\u00bb disputaron el pasado fin de semana en Baradero los 10km Keep Running. P\u00eda Muntan\u00e9 fue quien gan\u00f3 en la general damas, Iris Ver\u00f3n fue 2\u00ba y 1\u00ba en su categor\u00eda y Sergio Morales gan\u00f3 la general de 5 km. Los atletas son preparados por el ex atleta Ra\u00fal [&hellip;]<\/p>\n","protected":false},"author":4,"featured_media":22998,"comment_status":"open","ping_status":"closed","sticky":false,"template":"","format":"standard","meta":{"om_disable_all_campaigns":false,"_jetpack_memberships_contains_paid_content":false,"footnotes":""},"categories":[5],"tags":[],"class_list":["post-32972","post","type-post","status-publish","format-standard","has-post-thumbnail","hentry","category-deportes"],"aioseo_notices":[],"gutentor_comment":0,"jetpack_featured_media_url":"https:\/\/eldiariodesanpedro.com.ar\/sitio\/wp-content\/uploads\/2017\/09\/maraton-atletismo.jpg","jetpack_shortlink":"https:\/\/wp.me\/p6RhLt-8zO","jetpack_sharing_enabled":true,"_links":{"self":[{"href":"https:\/\/eldiariodesanpedro.com.ar\/sitio\/wp-json\/wp\/v2\/posts\/32972","targetHints":{"allow":["GET"]}}],"collection":[{"href":"https:\/\/eldiariodesanpedro.com.ar\/sitio\/wp-json\/wp\/v2\/posts"}],"about":[{"href":"https:\/\/eldiariodesanpedro.com.ar\/sitio\/wp-json\/wp\/v2\/types\/post"}],"author":[{"embeddable":true,"href":"https:\/\/eldiariodesanpedro.com.ar\/sitio\/wp-json\/wp\/v2\/users\/4"}],"replies":[{"embeddable":true,"href":"https:\/\/eldiariodesanpedro.com.ar\/sitio\/wp-json\/wp\/v2\/comments?post=32972"}],"version-history":[{"count":2,"href":"https:\/\/eldiariodesanpedro.com.ar\/sitio\/wp-json\/wp\/v2\/posts\/32972\/revisions"}],"predecessor-version":[{"id":32977,"href":"https:\/\/eldiariodesanpedro.com.ar\/sitio\/wp-json\/wp\/v2\/posts\/32972\/revisions\/32977"}],"wp:featuredmedia":[{"embeddable":true,"href":"https:\/\/eldiariodesanpedro.com.ar\/sitio\/wp-json\/wp\/v2\/media\/22998"}],"wp:attachment":[{"href":"https:\/\/eldiariodesanpedro.com.ar\/sitio\/wp-json\/wp\/v2\/media?parent=32972"}],"wp:term":[{"taxonomy":"category","embeddable":true,"href":"https:\/\/eldiariodesanpedro.com.ar\/sitio\/wp-json\/wp\/v2\/categories?post=32972"},{"taxonomy":"post_tag","embeddable":true,"href":"https:\/\/eldiariodesanpedro.com.ar\/sitio\/wp-json\/wp\/v2\/tags?post=32972"}],"curies":[{"name":"wp","href":"https:\/\/api.w.org\/{rel}","templated":true}]}}