{"id":32966,"date":"2018-05-10T20:58:21","date_gmt":"2018-05-10T23:58:21","guid":{"rendered":"https:\/\/eldiariodesanpedro.com.ar\/sitio\/?p=32966"},"modified":"2018-05-10T20:58:21","modified_gmt":"2018-05-10T23:58:21","slug":"zarate-estafadores-decian-que-eran-policias-y-que-un-familiar-mio-se-habia-accidentado","status":"publish","type":"post","link":"https:\/\/eldiariodesanpedro.com.ar\/sitio\/zarate-estafadores-decian-que-eran-policias-y-que-un-familiar-mio-se-habia-accidentado\/","title":{"rendered":"Z\u00c1RATE: Estafadores \u201cdec\u00edan que eran polic\u00edas y que un familiar m\u00edo se hab\u00eda accidentado\u201d"},"content":{"rendered":"<p><!-- VideographyWP Plugin Message: Automatic video embedding prevented by plugin options. --><br \/>\n  Una lectora del portal se comunic\u00f3 para dar a conocer una situaci\u00f3n terrible que afront\u00f3 anoche cuando recibi\u00f3 un llamado inesperado.<\/p>\n<p>  \u201cTuve un llamado anoche diciendo que eran de la Comisar\u00eda de Z\u00e1rate y que un familiar hab\u00eda tenido un accidente. No sucedi\u00f3 nada de eso porque mi familia estaba en mi casa. Me preocup\u00e9 por mis padres y me contact\u00e9 con ellos para ver si estaban bien\u201d relat\u00f3 a\u00fan nerviosa por lo ocurrido. Como sucede en este tipo de casos, solicitan a la v\u00edctima acercarse hasta el lugar para luego asaltarla.<\/p>\n<p>  La insistencia continu\u00f3 hasta tal punto que la vecina decidi\u00f3 comunicarse con la dependencia: \u201cnos dijeron que ellos no hab\u00edan hecho ning\u00fan llamado, pero que s\u00ed hab\u00eda ocurrido un accidente reciente. Tanto en Hospital como en la cl\u00ednica no entr\u00f3 ning\u00fan familiar m\u00edo\u201d.<\/p>\n<p>  \u201cTodav\u00eda no s\u00e9 por qu\u00e9 me llamaron, estoy preocupada porque sab\u00edan mi nombre y mi n\u00famero, llamaron desde un tel\u00e9fono privado. Pido que todos tengan cuidado con este tipo llamados\u201d alert\u00f3 sobre el final.<\/p>\n<p>Fuente: Enlace Cr\u00edtico<\/p>\n","protected":false},"excerpt":{"rendered":"<p>Una lectora del portal se comunic\u00f3 para dar a conocer una situaci\u00f3n terrible que afront\u00f3 anoche cuando recibi\u00f3 un llamado inesperado. \u201cTuve un llamado anoche diciendo que eran de la Comisar\u00eda de Z\u00e1rate y que un familiar hab\u00eda tenido un accidente. No sucedi\u00f3 nada de eso porque mi familia estaba en mi casa. Me preocup\u00e9 [&hellip;]<\/p>\n","protected":false},"author":4,"featured_media":32968,"comment_status":"open","ping_status":"closed","sticky":false,"template":"","format":"standard","meta":{"om_disable_all_campaigns":false,"_jetpack_memberships_contains_paid_content":false,"footnotes":""},"categories":[621],"tags":[],"class_list":["post-32966","post","type-post","status-publish","format-standard","has-post-thumbnail","hentry","category-regionales"],"aioseo_notices":[],"gutentor_comment":0,"jetpack_featured_media_url":"https:\/\/eldiariodesanpedro.com.ar\/sitio\/wp-content\/uploads\/2018\/05\/estafador.jpg","jetpack_shortlink":"https:\/\/wp.me\/p6RhLt-8zI","jetpack_sharing_enabled":true,"_links":{"self":[{"href":"https:\/\/eldiariodesanpedro.com.ar\/sitio\/wp-json\/wp\/v2\/posts\/32966","targetHints":{"allow":["GET"]}}],"collection":[{"href":"https:\/\/eldiariodesanpedro.com.ar\/sitio\/wp-json\/wp\/v2\/posts"}],"about":[{"href":"https:\/\/eldiariodesanpedro.com.ar\/sitio\/wp-json\/wp\/v2\/types\/post"}],"author":[{"embeddable":true,"href":"https:\/\/eldiariodesanpedro.com.ar\/sitio\/wp-json\/wp\/v2\/users\/4"}],"replies":[{"embeddable":true,"href":"https:\/\/eldiariodesanpedro.com.ar\/sitio\/wp-json\/wp\/v2\/comments?post=32966"}],"version-history":[{"count":1,"href":"https:\/\/eldiariodesanpedro.com.ar\/sitio\/wp-json\/wp\/v2\/posts\/32966\/revisions"}],"predecessor-version":[{"id":32970,"href":"https:\/\/eldiariodesanpedro.com.ar\/sitio\/wp-json\/wp\/v2\/posts\/32966\/revisions\/32970"}],"wp:featuredmedia":[{"embeddable":true,"href":"https:\/\/eldiariodesanpedro.com.ar\/sitio\/wp-json\/wp\/v2\/media\/32968"}],"wp:attachment":[{"href":"https:\/\/eldiariodesanpedro.com.ar\/sitio\/wp-json\/wp\/v2\/media?parent=32966"}],"wp:term":[{"taxonomy":"category","embeddable":true,"href":"https:\/\/eldiariodesanpedro.com.ar\/sitio\/wp-json\/wp\/v2\/categories?post=32966"},{"taxonomy":"post_tag","embeddable":true,"href":"https:\/\/eldiariodesanpedro.com.ar\/sitio\/wp-json\/wp\/v2\/tags?post=32966"}],"curies":[{"name":"wp","href":"https:\/\/api.w.org\/{rel}","templated":true}]}}