{"id":32960,"date":"2018-05-10T20:55:04","date_gmt":"2018-05-10T23:55:04","guid":{"rendered":"https:\/\/eldiariodesanpedro.com.ar\/sitio\/?p=32960"},"modified":"2018-05-10T20:55:04","modified_gmt":"2018-05-10T23:55:04","slug":"campana-la-ddi-zarate-campana-detuvo-a-un-violador-que-estaba-profugo","status":"publish","type":"post","link":"https:\/\/eldiariodesanpedro.com.ar\/sitio\/campana-la-ddi-zarate-campana-detuvo-a-un-violador-que-estaba-profugo\/","title":{"rendered":"CAMPANA: La DDI Z\u00e1rate \u2013 Campana detuvo a un violador que estaba pr\u00f3fugo"},"content":{"rendered":"<p><!-- VideographyWP Plugin Message: Automatic video embedding prevented by plugin options. --><br \/>\nEl s\u00e1bado 5 de mayo una vecina denunci\u00f3 en la Comisar\u00eda de la Mujer de Campana que, en horas de la madrugada un sujeto apodado \u201cDrupy\u201d la oblig\u00f3 a ingresar a un domicilio, ubicado en la intersecci\u00f3n de Chacabuco y Arenales del barrio Dallera, donde la someti\u00f3 sexualmente amenaz\u00e1ndola de muerte.<\/p>\n<p>  En la ma\u00f1ana del aberrante hecho, personal de la Direcci\u00f3n Departamental de Investigaciones (DDI) Z\u00e1rate \u2013 Campana tom\u00f3 intervenci\u00f3n procediendo, tras una tarea investigativa, a la individualizaci\u00f3n del domicilio del imputado, solicitando allanamiento y detenci\u00f3n a la Fiscal\u00eda 3 de Campana a cargo de la Dra. Eleonora Day Arenas.<br \/>\n  En horas de la tarde, personal de la DDI y efectivos de Polic\u00eda Cient\u00edfica realizaron el procedimiento, pero sin poder encontrar al sospechoso, dado que de acuerdo a las versiones recogidas hab\u00eda huido cuando familiares y allegados de la v\u00edctima fueron hasta el lugar para agredirlo.<\/p>\n<p>  Inmediatamente los detectives comenzaron a llevar a cabo tareas de inteligencia de campo, realizando relevamientos en pensiones y casas de alquiler en zonas c\u00e9ntricas y la periferia, contando tambi\u00e9n con el dato que el pr\u00f3fugo estar\u00eda pr\u00f3ximo a viajar a la zona de islas.<\/p>\n<p>  Este martes la pesquisa pudo establecer que \u201cDrupy\u201d podr\u00eda estar oculto en los fondos del barrio La Josefa de Campana, en proximidades de la esquina de las calles Sauton y Di Luca.<\/p>\n<p>  Una comisi\u00f3n se hizo presente en el lugar constatando que el acusado de violaci\u00f3n estaba en un sector de monte cerrado con malezas, donde se realiz\u00f3 un rastrillaje hasta que pudieron ubicarlo, inici\u00e1ndose una persecuci\u00f3n que culmin\u00f3 con su detenci\u00f3n.<\/p>\n<p>Fuente: Enlace Cr\u00edtico<\/p>\n","protected":false},"excerpt":{"rendered":"<p>El s\u00e1bado 5 de mayo una vecina denunci\u00f3 en la Comisar\u00eda de la Mujer de Campana que, en horas de la madrugada un sujeto apodado \u201cDrupy\u201d la oblig\u00f3 a ingresar a un domicilio, ubicado en la intersecci\u00f3n de Chacabuco y Arenales del barrio Dallera, donde la someti\u00f3 sexualmente amenaz\u00e1ndola de muerte. En la ma\u00f1ana del [&hellip;]<\/p>\n","protected":false},"author":4,"featured_media":32965,"comment_status":"open","ping_status":"closed","sticky":false,"template":"","format":"standard","meta":{"om_disable_all_campaigns":false,"_jetpack_memberships_contains_paid_content":false,"footnotes":""},"categories":[621],"tags":[],"class_list":["post-32960","post","type-post","status-publish","format-standard","has-post-thumbnail","hentry","category-regionales"],"aioseo_notices":[],"gutentor_comment":0,"jetpack_featured_media_url":"https:\/\/eldiariodesanpedro.com.ar\/sitio\/wp-content\/uploads\/2018\/05\/El-momento-de-la-detenci\u00f3n-.jpg","jetpack_shortlink":"https:\/\/wp.me\/p6RhLt-8zC","jetpack_sharing_enabled":true,"_links":{"self":[{"href":"https:\/\/eldiariodesanpedro.com.ar\/sitio\/wp-json\/wp\/v2\/posts\/32960","targetHints":{"allow":["GET"]}}],"collection":[{"href":"https:\/\/eldiariodesanpedro.com.ar\/sitio\/wp-json\/wp\/v2\/posts"}],"about":[{"href":"https:\/\/eldiariodesanpedro.com.ar\/sitio\/wp-json\/wp\/v2\/types\/post"}],"author":[{"embeddable":true,"href":"https:\/\/eldiariodesanpedro.com.ar\/sitio\/wp-json\/wp\/v2\/users\/4"}],"replies":[{"embeddable":true,"href":"https:\/\/eldiariodesanpedro.com.ar\/sitio\/wp-json\/wp\/v2\/comments?post=32960"}],"version-history":[{"count":1,"href":"https:\/\/eldiariodesanpedro.com.ar\/sitio\/wp-json\/wp\/v2\/posts\/32960\/revisions"}],"predecessor-version":[{"id":32967,"href":"https:\/\/eldiariodesanpedro.com.ar\/sitio\/wp-json\/wp\/v2\/posts\/32960\/revisions\/32967"}],"wp:featuredmedia":[{"embeddable":true,"href":"https:\/\/eldiariodesanpedro.com.ar\/sitio\/wp-json\/wp\/v2\/media\/32965"}],"wp:attachment":[{"href":"https:\/\/eldiariodesanpedro.com.ar\/sitio\/wp-json\/wp\/v2\/media?parent=32960"}],"wp:term":[{"taxonomy":"category","embeddable":true,"href":"https:\/\/eldiariodesanpedro.com.ar\/sitio\/wp-json\/wp\/v2\/categories?post=32960"},{"taxonomy":"post_tag","embeddable":true,"href":"https:\/\/eldiariodesanpedro.com.ar\/sitio\/wp-json\/wp\/v2\/tags?post=32960"}],"curies":[{"name":"wp","href":"https:\/\/api.w.org\/{rel}","templated":true}]}}