{"id":32959,"date":"2018-05-10T20:54:11","date_gmt":"2018-05-10T23:54:11","guid":{"rendered":"https:\/\/eldiariodesanpedro.com.ar\/sitio\/?p=32959"},"modified":"2018-05-10T20:54:11","modified_gmt":"2018-05-10T23:54:11","slug":"baradero-este-domingo-se-realizara-la-fiesta-del-mondongo-y-la-torta-frita","status":"publish","type":"post","link":"https:\/\/eldiariodesanpedro.com.ar\/sitio\/baradero-este-domingo-se-realizara-la-fiesta-del-mondongo-y-la-torta-frita\/","title":{"rendered":"BARADERO: Este domingo se realizar\u00e1 la fiesta del Mondongo y la Torta Frita"},"content":{"rendered":"<p><!-- VideographyWP Plugin Message: Automatic video embedding prevented by plugin options. --><br \/>\nPor las inclemencias del tiempo del pasado 1\u00b0 de mayo, finalmente la tradicional Fiesta del Mondongo y la Torta Frita cumplir\u00e1 una nueva edici\u00f3n el domingo 13 de mayo en Santa Coloma \u00a1La entrada es libre y gratuita!<br \/>\n  La misma se concretar\u00e1 a partir de las 10:00 hs. en el Predio de la Estaci\u00f3n de Santa Coloma, Ruta Provincial N\u00b041 km 303.<br \/>\n  A la tradicional fiesta, se recuerda que se puede asistir con reposeras y mesas para sentirse c\u00f3modos.<br \/>\n  Daniel P\u00e9rez, uno de los organizadores emiti\u00f3 un comunicado de prensa en el que informa lo siguiente:<\/p>\n<p>Este domingo 13 Santa Coloma te espera\u2026<br \/>\nFiesta del Mondongo y la Torta Frita en su 13\u00b0 Edici\u00f3n.<br \/>\nTe recordamos que pod\u00e9s traer tu reposera y mesa de camping, la vas a pasar genial, porque a veces vale la pena vivir las segundas oportunidades.<br \/>\nSanta Coloma te espera\u2026<br \/>\nNota: Agradecemos infinitamente la difusi\u00f3n desinteresada de ustedes.<br \/>\nGracias, Daniel P\u00e9rez.<\/p>\n<p>  Organizada por el Grupo de Trabajo de Santa Coloma y la Secretar\u00eda de Cultura, Turismo, Educaci\u00f3n y Deporte el evento, uno de los m\u00e1s importantes de la ciudad, contar\u00e1 con feria de artesanos, encuentro de autos y motos, espect\u00e1culos musicales, baile popular y mucho m\u00e1s.<\/p>\n<p>Fuente: Tu L\u00ednea Directa<\/p>\n","protected":false},"excerpt":{"rendered":"<p>Por las inclemencias del tiempo del pasado 1\u00b0 de mayo, finalmente la tradicional Fiesta del Mondongo y la Torta Frita cumplir\u00e1 una nueva edici\u00f3n el domingo 13 de mayo en Santa Coloma \u00a1La entrada es libre y gratuita! La misma se concretar\u00e1 a partir de las 10:00 hs. en el Predio de la Estaci\u00f3n de [&hellip;]<\/p>\n","protected":false},"author":4,"featured_media":32963,"comment_status":"open","ping_status":"closed","sticky":false,"template":"","format":"standard","meta":{"om_disable_all_campaigns":false,"_jetpack_memberships_contains_paid_content":false,"footnotes":""},"categories":[621],"tags":[],"class_list":["post-32959","post","type-post","status-publish","format-standard","has-post-thumbnail","hentry","category-regionales"],"aioseo_notices":[],"gutentor_comment":0,"jetpack_featured_media_url":"https:\/\/eldiariodesanpedro.com.ar\/sitio\/wp-content\/uploads\/2018\/05\/baradero-fiesta-del-Mondongo-y-la-Torta-Frita.jpg","jetpack_shortlink":"https:\/\/wp.me\/p6RhLt-8zB","jetpack_sharing_enabled":true,"_links":{"self":[{"href":"https:\/\/eldiariodesanpedro.com.ar\/sitio\/wp-json\/wp\/v2\/posts\/32959","targetHints":{"allow":["GET"]}}],"collection":[{"href":"https:\/\/eldiariodesanpedro.com.ar\/sitio\/wp-json\/wp\/v2\/posts"}],"about":[{"href":"https:\/\/eldiariodesanpedro.com.ar\/sitio\/wp-json\/wp\/v2\/types\/post"}],"author":[{"embeddable":true,"href":"https:\/\/eldiariodesanpedro.com.ar\/sitio\/wp-json\/wp\/v2\/users\/4"}],"replies":[{"embeddable":true,"href":"https:\/\/eldiariodesanpedro.com.ar\/sitio\/wp-json\/wp\/v2\/comments?post=32959"}],"version-history":[{"count":1,"href":"https:\/\/eldiariodesanpedro.com.ar\/sitio\/wp-json\/wp\/v2\/posts\/32959\/revisions"}],"predecessor-version":[{"id":32964,"href":"https:\/\/eldiariodesanpedro.com.ar\/sitio\/wp-json\/wp\/v2\/posts\/32959\/revisions\/32964"}],"wp:featuredmedia":[{"embeddable":true,"href":"https:\/\/eldiariodesanpedro.com.ar\/sitio\/wp-json\/wp\/v2\/media\/32963"}],"wp:attachment":[{"href":"https:\/\/eldiariodesanpedro.com.ar\/sitio\/wp-json\/wp\/v2\/media?parent=32959"}],"wp:term":[{"taxonomy":"category","embeddable":true,"href":"https:\/\/eldiariodesanpedro.com.ar\/sitio\/wp-json\/wp\/v2\/categories?post=32959"},{"taxonomy":"post_tag","embeddable":true,"href":"https:\/\/eldiariodesanpedro.com.ar\/sitio\/wp-json\/wp\/v2\/tags?post=32959"}],"curies":[{"name":"wp","href":"https:\/\/api.w.org\/{rel}","templated":true}]}}