{"id":32958,"date":"2018-05-10T20:50:52","date_gmt":"2018-05-10T23:50:52","guid":{"rendered":"https:\/\/eldiariodesanpedro.com.ar\/sitio\/?p=32958"},"modified":"2018-05-10T20:50:52","modified_gmt":"2018-05-10T23:50:52","slug":"continuan-los-motochorros-en-la-ciudad","status":"publish","type":"post","link":"https:\/\/eldiariodesanpedro.com.ar\/sitio\/continuan-los-motochorros-en-la-ciudad\/","title":{"rendered":"Contin\u00faan los motochorros en la ciudad"},"content":{"rendered":"<p><!-- VideographyWP Plugin Message: Automatic video embedding prevented by plugin options. --><br \/>\n  Este mi\u00e9rcoles en horas de la tarde, una mujer que circulaba en bicicleta por calle Almafuerte y, al llegar a Olivera C\u00e9zar una moto en la que circulaban dos hombres se le pone a la par y el que viajaba como acompa\u00f1ante le sustrajo su cartera del canasto de la bicicleta. <\/p>\n","protected":false},"excerpt":{"rendered":"<p>Este mi\u00e9rcoles en horas de la tarde, una mujer que circulaba en bicicleta por calle Almafuerte y, al llegar a Olivera C\u00e9zar una moto en la que circulaban dos hombres se le pone a la par y el que viajaba como acompa\u00f1ante le sustrajo su cartera del canasto de la bicicleta.<\/p>\n","protected":false},"author":4,"featured_media":12417,"comment_status":"open","ping_status":"closed","sticky":false,"template":"","format":"standard","meta":{"om_disable_all_campaigns":false,"_jetpack_memberships_contains_paid_content":false,"footnotes":""},"categories":[2,103],"tags":[],"class_list":["post-32958","post","type-post","status-publish","format-standard","has-post-thumbnail","hentry","category-locales","category-policiales-locales"],"aioseo_notices":[],"gutentor_comment":0,"jetpack_featured_media_url":"https:\/\/eldiariodesanpedro.com.ar\/sitio\/wp-content\/uploads\/2017\/01\/motochorro.jpg","jetpack_shortlink":"https:\/\/wp.me\/p6RhLt-8zA","jetpack_sharing_enabled":true,"_links":{"self":[{"href":"https:\/\/eldiariodesanpedro.com.ar\/sitio\/wp-json\/wp\/v2\/posts\/32958","targetHints":{"allow":["GET"]}}],"collection":[{"href":"https:\/\/eldiariodesanpedro.com.ar\/sitio\/wp-json\/wp\/v2\/posts"}],"about":[{"href":"https:\/\/eldiariodesanpedro.com.ar\/sitio\/wp-json\/wp\/v2\/types\/post"}],"author":[{"embeddable":true,"href":"https:\/\/eldiariodesanpedro.com.ar\/sitio\/wp-json\/wp\/v2\/users\/4"}],"replies":[{"embeddable":true,"href":"https:\/\/eldiariodesanpedro.com.ar\/sitio\/wp-json\/wp\/v2\/comments?post=32958"}],"version-history":[{"count":2,"href":"https:\/\/eldiariodesanpedro.com.ar\/sitio\/wp-json\/wp\/v2\/posts\/32958\/revisions"}],"predecessor-version":[{"id":32962,"href":"https:\/\/eldiariodesanpedro.com.ar\/sitio\/wp-json\/wp\/v2\/posts\/32958\/revisions\/32962"}],"wp:featuredmedia":[{"embeddable":true,"href":"https:\/\/eldiariodesanpedro.com.ar\/sitio\/wp-json\/wp\/v2\/media\/12417"}],"wp:attachment":[{"href":"https:\/\/eldiariodesanpedro.com.ar\/sitio\/wp-json\/wp\/v2\/media?parent=32958"}],"wp:term":[{"taxonomy":"category","embeddable":true,"href":"https:\/\/eldiariodesanpedro.com.ar\/sitio\/wp-json\/wp\/v2\/categories?post=32958"},{"taxonomy":"post_tag","embeddable":true,"href":"https:\/\/eldiariodesanpedro.com.ar\/sitio\/wp-json\/wp\/v2\/tags?post=32958"}],"curies":[{"name":"wp","href":"https:\/\/api.w.org\/{rel}","templated":true}]}}