{"id":32953,"date":"2018-05-10T19:10:54","date_gmt":"2018-05-10T22:10:54","guid":{"rendered":"https:\/\/eldiariodesanpedro.com.ar\/sitio\/?p=32953"},"modified":"2018-05-10T19:10:54","modified_gmt":"2018-05-10T22:10:54","slug":"dos-camiones-terminaron-fuera-de-la-calzada","status":"publish","type":"post","link":"https:\/\/eldiariodesanpedro.com.ar\/sitio\/dos-camiones-terminaron-fuera-de-la-calzada\/","title":{"rendered":"Dos camiones terminaron fuera de la calzada"},"content":{"rendered":"<p><!-- VideographyWP Plugin Message: Automatic video embedding prevented by plugin options. --><br \/>\nOcurrieron dos despistes de camiones durante este jueves en la ruta nacional 9, en casi el mismo km pero en diferente horario, afortunadamente no hubo lesiones en ninguno de los casos.<\/p>\n<p>El primer siniestro ocurri\u00f3 alrededor de las 06 hs en el Km 163 carril Rosario &#8211; Buenos Aires donde un cami\u00f3n que transportaba aceite comestible perdi\u00f3 el control y termino volcando en el cantero central, el conductor oriundo de Tristan Suarez fue derivado por el CEM al hospital Emilio Ruffa donde se dictamino que sufri\u00f3 heridas leves.<\/p>\n<p>El otro accidente ocurri\u00f3 en horas del mediod\u00eda en el km 160 de la ruta 9 carril Rosario &#8211; Buenos Aires, donde en esta oportunidad un cami\u00f3n que transportaba hierro por motivos que se tratan de establecer perdi\u00f3 el control sali\u00e9ndose de la calzada, el conductor un joven de 23 a\u00f1os fue trasladado al nosocomio local teniendo heridas leves.<\/p>\n","protected":false},"excerpt":{"rendered":"<p>Ocurrieron dos despistes de camiones durante este jueves en la ruta nacional 9, en casi el mismo km pero en diferente horario, afortunadamente no hubo lesiones en ninguno de los casos. El primer siniestro ocurri\u00f3 alrededor de las 06 hs en el Km 163 carril Rosario &#8211; Buenos Aires donde un cami\u00f3n que transportaba aceite [&hellip;]<\/p>\n","protected":false},"author":4,"featured_media":32954,"comment_status":"open","ping_status":"closed","sticky":false,"template":"","format":"standard","meta":{"om_disable_all_campaigns":false,"_jetpack_memberships_contains_paid_content":false,"footnotes":""},"categories":[50,2,103],"tags":[],"class_list":["post-32953","post","type-post","status-publish","format-standard","has-post-thumbnail","hentry","category-destacadas","category-locales","category-policiales-locales"],"aioseo_notices":[],"gutentor_comment":0,"jetpack_featured_media_url":"https:\/\/eldiariodesanpedro.com.ar\/sitio\/wp-content\/uploads\/2018\/05\/PAGINA-3-2.jpeg","jetpack_shortlink":"https:\/\/wp.me\/p6RhLt-8zv","jetpack_sharing_enabled":true,"_links":{"self":[{"href":"https:\/\/eldiariodesanpedro.com.ar\/sitio\/wp-json\/wp\/v2\/posts\/32953","targetHints":{"allow":["GET"]}}],"collection":[{"href":"https:\/\/eldiariodesanpedro.com.ar\/sitio\/wp-json\/wp\/v2\/posts"}],"about":[{"href":"https:\/\/eldiariodesanpedro.com.ar\/sitio\/wp-json\/wp\/v2\/types\/post"}],"author":[{"embeddable":true,"href":"https:\/\/eldiariodesanpedro.com.ar\/sitio\/wp-json\/wp\/v2\/users\/4"}],"replies":[{"embeddable":true,"href":"https:\/\/eldiariodesanpedro.com.ar\/sitio\/wp-json\/wp\/v2\/comments?post=32953"}],"version-history":[{"count":1,"href":"https:\/\/eldiariodesanpedro.com.ar\/sitio\/wp-json\/wp\/v2\/posts\/32953\/revisions"}],"predecessor-version":[{"id":32955,"href":"https:\/\/eldiariodesanpedro.com.ar\/sitio\/wp-json\/wp\/v2\/posts\/32953\/revisions\/32955"}],"wp:featuredmedia":[{"embeddable":true,"href":"https:\/\/eldiariodesanpedro.com.ar\/sitio\/wp-json\/wp\/v2\/media\/32954"}],"wp:attachment":[{"href":"https:\/\/eldiariodesanpedro.com.ar\/sitio\/wp-json\/wp\/v2\/media?parent=32953"}],"wp:term":[{"taxonomy":"category","embeddable":true,"href":"https:\/\/eldiariodesanpedro.com.ar\/sitio\/wp-json\/wp\/v2\/categories?post=32953"},{"taxonomy":"post_tag","embeddable":true,"href":"https:\/\/eldiariodesanpedro.com.ar\/sitio\/wp-json\/wp\/v2\/tags?post=32953"}],"curies":[{"name":"wp","href":"https:\/\/api.w.org\/{rel}","templated":true}]}}