{"id":32950,"date":"2018-05-10T19:08:41","date_gmt":"2018-05-10T22:08:41","guid":{"rendered":"https:\/\/eldiariodesanpedro.com.ar\/sitio\/?p=32950"},"modified":"2018-05-10T19:08:41","modified_gmt":"2018-05-10T22:08:41","slug":"la-secretaria-de-desarrollo-humano-continua-ayudando-a-damnificados-por-las-lluvias","status":"publish","type":"post","link":"https:\/\/eldiariodesanpedro.com.ar\/sitio\/la-secretaria-de-desarrollo-humano-continua-ayudando-a-damnificados-por-las-lluvias\/","title":{"rendered":"La Secretaria de Desarrollo Humano contin\u00faa ayudando a damnificados por las lluvias"},"content":{"rendered":"<p><!-- VideographyWP Plugin Message: Automatic video embedding prevented by plugin options. --><br \/>\nLa Secretar\u00eda de Desarrollo Humano informa que contin\u00faan los operativos de ayuda social a damnificados por el temporal. Junto a las Secretar\u00edas de Seguridad y Servicios P\u00fablicos hoy se entregar\u00e1n chapas en La Tosquera y ropa en Santa Luc\u00eda y Pueblo Doyle.<br \/>\nRecordamos que ante la necesidad de ayuda es importante comunicarse con Defensa Civil al 103.<\/p>\n","protected":false},"excerpt":{"rendered":"<p>La Secretar\u00eda de Desarrollo Humano informa que contin\u00faan los operativos de ayuda social a damnificados por el temporal. Junto a las Secretar\u00edas de Seguridad y Servicios P\u00fablicos hoy se entregar\u00e1n chapas en La Tosquera y ropa en Santa Luc\u00eda y Pueblo Doyle. Recordamos que ante la necesidad de ayuda es importante comunicarse con Defensa Civil [&hellip;]<\/p>\n","protected":false},"author":4,"featured_media":32951,"comment_status":"open","ping_status":"closed","sticky":false,"template":"","format":"standard","meta":{"om_disable_all_campaigns":false,"_jetpack_memberships_contains_paid_content":false,"footnotes":""},"categories":[101,2],"tags":[],"class_list":["post-32950","post","type-post","status-publish","format-standard","has-post-thumbnail","hentry","category-interes-general-locales","category-locales"],"aioseo_notices":[],"gutentor_comment":0,"jetpack_featured_media_url":"https:\/\/eldiariodesanpedro.com.ar\/sitio\/wp-content\/uploads\/2018\/05\/defensa-civil.jpeg","jetpack_shortlink":"https:\/\/wp.me\/p6RhLt-8zs","jetpack_sharing_enabled":true,"_links":{"self":[{"href":"https:\/\/eldiariodesanpedro.com.ar\/sitio\/wp-json\/wp\/v2\/posts\/32950","targetHints":{"allow":["GET"]}}],"collection":[{"href":"https:\/\/eldiariodesanpedro.com.ar\/sitio\/wp-json\/wp\/v2\/posts"}],"about":[{"href":"https:\/\/eldiariodesanpedro.com.ar\/sitio\/wp-json\/wp\/v2\/types\/post"}],"author":[{"embeddable":true,"href":"https:\/\/eldiariodesanpedro.com.ar\/sitio\/wp-json\/wp\/v2\/users\/4"}],"replies":[{"embeddable":true,"href":"https:\/\/eldiariodesanpedro.com.ar\/sitio\/wp-json\/wp\/v2\/comments?post=32950"}],"version-history":[{"count":1,"href":"https:\/\/eldiariodesanpedro.com.ar\/sitio\/wp-json\/wp\/v2\/posts\/32950\/revisions"}],"predecessor-version":[{"id":32952,"href":"https:\/\/eldiariodesanpedro.com.ar\/sitio\/wp-json\/wp\/v2\/posts\/32950\/revisions\/32952"}],"wp:featuredmedia":[{"embeddable":true,"href":"https:\/\/eldiariodesanpedro.com.ar\/sitio\/wp-json\/wp\/v2\/media\/32951"}],"wp:attachment":[{"href":"https:\/\/eldiariodesanpedro.com.ar\/sitio\/wp-json\/wp\/v2\/media?parent=32950"}],"wp:term":[{"taxonomy":"category","embeddable":true,"href":"https:\/\/eldiariodesanpedro.com.ar\/sitio\/wp-json\/wp\/v2\/categories?post=32950"},{"taxonomy":"post_tag","embeddable":true,"href":"https:\/\/eldiariodesanpedro.com.ar\/sitio\/wp-json\/wp\/v2\/tags?post=32950"}],"curies":[{"name":"wp","href":"https:\/\/api.w.org\/{rel}","templated":true}]}}