{"id":32948,"date":"2018-05-10T18:51:21","date_gmt":"2018-05-10T21:51:21","guid":{"rendered":"https:\/\/eldiariodesanpedro.com.ar\/sitio\/?p=32948"},"modified":"2018-05-10T19:28:54","modified_gmt":"2018-05-10T22:28:54","slug":"se-investigan-a-dos-mujeres-que-podrian-ser-la-madre-del-bebe-encontrado-en-el-basural","status":"publish","type":"post","link":"https:\/\/eldiariodesanpedro.com.ar\/sitio\/se-investigan-a-dos-mujeres-que-podrian-ser-la-madre-del-bebe-encontrado-en-el-basural\/","title":{"rendered":"Se investigan a dos mujeres que podr\u00edan ser la madre del bebe encontrado en el basural"},"content":{"rendered":"<p><!-- VideographyWP Plugin Message: Automatic video embedding prevented by plugin options. --><br \/>\nLa Dra. Viviana Ramos, Fiscal que investiga la causa del beb\u00e9 que apareci\u00f3 muerto en el basural de nuestra ciudad, nos comenta el avance de la causa y las dos posibles l\u00edneas de investigaci\u00f3n.<\/p>\n<p>  La Dra. Ramos nos recibi\u00f3 en su despacho y aclar\u00f3 en primera instancia que, la informaci\u00f3n que brinda ser\u00e1 la justa y la necesaria como para no perjudicar la investigaci\u00f3n y sus resultados. \u201cEn este momento se est\u00e1n realizando distintas medidas y el adelanto de una informaci\u00f3n concreta puede frustrar la posibilidad de dar con la autora de este hecho tan aberrante que ha movilizado tanto a nuestra sociedad\u201d explic\u00f3.<\/p>\n<p>  Para poder avanzar en la investigaci\u00f3n, desde la Fiscal\u00eda trabajan en continuo contacto con el personal de DDI, quienes realizan el trabajo de campo para la recolecci\u00f3n de datos. <\/p>\n<p>  Actualmente manejan dos l\u00edneas de investigaci\u00f3n que, como aclara la Dra. Ramos, se excluyen entre s\u00ed. Existe la posibilidad de dar con dos autoras potenciales en funci\u00f3n de los datos recabados. Por un lado, a partir de una informaci\u00f3n an\u00f3nima que recibi\u00f3 la instructora judicial en la causa, supimos que una mujer sospechaba que una joven porque la hab\u00eda visto con panza y luego no. Y por el otro, personal de municipalidad tambi\u00e9n recibi\u00f3 informaci\u00f3n directa por parte de una menor de edad que aparentemente, estaba embarazada y cursando en una escuela determinada. <\/p>\n<p>  \u201cToda la informaci\u00f3n que se recibe, cualquiera sea, inmediatamente se corrobora y certifica el personal de DDI que trabaja minuto a minuto con la causa. Algunos datos sirven para descartar l\u00edneas investigativas y otros, para armar nuevas posibilidades\u201d asegur\u00f3 la Fiscal.<\/p>\n<p>  Adem\u00e1s, la Dra. Ramos pidi\u00f3 la colaboraci\u00f3n de todos y habl\u00f3 sobre poder llegar a comprender qu\u00e9 fue lo que habr\u00eda llevado a esta mam\u00e1 a tomar tal decisi\u00f3n, dejando lugar a que se trabaje sobre el caso no s\u00f3lo como la calificaci\u00f3n del C\u00f3digo Penal \u201chomicidio calificado por el v\u00ednculo\u201d, sino tambi\u00e9n, como algo m\u00e1s complejo:<br \/>\n  \u201cSigo insistiendo y apelando a la colaboraci\u00f3n de la gente, insisto en que esto no se dio en absoluta soledad. Dar con la autora mas all\u00e1 del tr\u00e1mite procesal de una causa, implica tambi\u00e9n atender a la situaci\u00f3n a la que esta mujer pueda estar pasando, qu\u00e9 es lo que pudo haber ocurrido, si intervino otra\/s persona\/s en el hecho, si estuvo obligada a realizar esto, si se encuentra en un estado de necesidad\u201d.   <\/p>\n<p>  \u201cLa l\u00ednea de investigaci\u00f3n que tengo es, establecer una responsabilidad obviamente en la mam\u00e1, pero no descarto responsabilidad de otras personas. Dar con ella es abrir un abanico m\u00e1s amplio que la investigaci\u00f3n en s\u00ed misma y atender a su caso. yo en ning\u00fan momento voy a entrar a prejuzgar una situaci\u00f3n en la que no conozco los detalles, ni las circunstancias. Por eso insisto, en que lleguemos hablar con la mam\u00e1, podemos estar hablando de una menor de edad, de una persona que fue violada, de una persona enferma, discapacitada. Lo que impacta del caso y lo que me hace pensar que puede llegar a generarse o darse en una situaci\u00f3n de extrema vulnerabilidad, es que yo no creo en la maldad de alguien que esto lo hizo porque quiso y porque es malo por naturaleza. Si uno tiene que llegar a esto, es porque realmente hay un contexto social y\/o emocional tremendo que necesita de nuestra atenci\u00f3n. Yo, desde mi lugar, para investigar una causa, pero tambi\u00e9n abrir la posibilidad de llegar a esta se\u00f1ora\/mam\u00e1 y a su v\u00ednculo familiar en aspectos much\u00edsimos m\u00e1s amplios.<\/p>\n<p>  Al ser consultada sobre el horario estimado del nacimiento y de la sucesi\u00f3n de los hechos, la Fiscal manifiesta: \u201cSe entiende que el parto puede haber ocurrido en horas tempranas, entre las 6 y 9 de la ma\u00f1ana, ya que el hallazgo fue a las 11 hs. No tenemos un horario concreto\u201d. Agrega que la presunci\u00f3n del horario del parto es posible gracias a la autopsia realizada por el m\u00e9dico de polic\u00eda. Para continuar explicando luego que:<br \/>\n  \u201cEl hecho de que haya sido hallado el cuerpito sin rigidez, nos hace hablar de un rango horario coincidente con un cami\u00f3n que llega y personas que lo ven y coincide, adem\u00e1s, con una persona que se acerca inmediatamente sospechando que pod\u00eda haber un animal, abre la bolsa y es cuando se encuentra con esta situaci\u00f3n. En seguida se produce la comunicaci\u00f3n directa a la Fiscal\u00eda a las 11 de la ma\u00f1ana\u201d.<\/p>\n<p>  En la causa ya constan todos los testimonios recabados y, seg\u00fan refiere la Fiscal, los testimonios se correlacionan con la declaraci\u00f3n del chofer del cami\u00f3n de basura que hab\u00eda comenzado con su recorrido alrededor de las 6 de la ma\u00f1ana en Pueblo Doyle y Santa Luc\u00eda.<br \/>\n  Revela que por ese lado tienen ciertas coincidencias y han realizado el diagrama de algunas zonas. No descartan que los hechos hayan sido diferentes y planteados con otras circunstancias, pero conf\u00edan en poder dar con la autora y corroborarlo con las muestras tomadas en el lugar y a trav\u00e9s de la autopsia. \u201cTenemos el ADN del beb\u00e9 y tambi\u00e9n hemos encontrado prendas con manchas de sangre que otorgan el ADN de la mam\u00e1, con lo cual, hallada la madre se va a corroborar mediante un an\u00e1lisis biol\u00f3gico. Luego habr\u00e1 que escucharla y ver que panorama nos plantea\u201d.<\/p>\n<div class=\"fb-video\" data-allowfullscreen=\"true\" data-href=\"https:\/\/www.facebook.com\/eldiario.desanpedro\/videos\/766420846900390\/\" style=\"background-color: #fff; display: inline-block;\"><\/div>\n","protected":false},"excerpt":{"rendered":"<p>La Dra. Viviana Ramos, Fiscal que investiga la causa del beb\u00e9 que apareci\u00f3 muerto en el basural de nuestra ciudad, nos comenta el avance de la causa y las dos posibles l\u00edneas de investigaci\u00f3n. La Dra. Ramos nos recibi\u00f3 en su despacho y aclar\u00f3 en primera instancia que, la informaci\u00f3n que brinda ser\u00e1 la justa [&hellip;]<\/p>\n","protected":false},"author":4,"featured_media":32610,"comment_status":"open","ping_status":"closed","sticky":false,"template":"","format":"standard","meta":{"om_disable_all_campaigns":false,"_jetpack_memberships_contains_paid_content":false,"footnotes":""},"categories":[50,2,103],"tags":[],"class_list":["post-32948","post","type-post","status-publish","format-standard","has-post-thumbnail","hentry","category-destacadas","category-locales","category-policiales-locales"],"aioseo_notices":[],"gutentor_comment":0,"jetpack_featured_media_url":"https:\/\/eldiariodesanpedro.com.ar\/sitio\/wp-content\/uploads\/2018\/05\/TAPA-1.jpeg","jetpack_shortlink":"https:\/\/wp.me\/p6RhLt-8zq","jetpack_sharing_enabled":true,"_links":{"self":[{"href":"https:\/\/eldiariodesanpedro.com.ar\/sitio\/wp-json\/wp\/v2\/posts\/32948","targetHints":{"allow":["GET"]}}],"collection":[{"href":"https:\/\/eldiariodesanpedro.com.ar\/sitio\/wp-json\/wp\/v2\/posts"}],"about":[{"href":"https:\/\/eldiariodesanpedro.com.ar\/sitio\/wp-json\/wp\/v2\/types\/post"}],"author":[{"embeddable":true,"href":"https:\/\/eldiariodesanpedro.com.ar\/sitio\/wp-json\/wp\/v2\/users\/4"}],"replies":[{"embeddable":true,"href":"https:\/\/eldiariodesanpedro.com.ar\/sitio\/wp-json\/wp\/v2\/comments?post=32948"}],"version-history":[{"count":2,"href":"https:\/\/eldiariodesanpedro.com.ar\/sitio\/wp-json\/wp\/v2\/posts\/32948\/revisions"}],"predecessor-version":[{"id":32956,"href":"https:\/\/eldiariodesanpedro.com.ar\/sitio\/wp-json\/wp\/v2\/posts\/32948\/revisions\/32956"}],"wp:featuredmedia":[{"embeddable":true,"href":"https:\/\/eldiariodesanpedro.com.ar\/sitio\/wp-json\/wp\/v2\/media\/32610"}],"wp:attachment":[{"href":"https:\/\/eldiariodesanpedro.com.ar\/sitio\/wp-json\/wp\/v2\/media?parent=32948"}],"wp:term":[{"taxonomy":"category","embeddable":true,"href":"https:\/\/eldiariodesanpedro.com.ar\/sitio\/wp-json\/wp\/v2\/categories?post=32948"},{"taxonomy":"post_tag","embeddable":true,"href":"https:\/\/eldiariodesanpedro.com.ar\/sitio\/wp-json\/wp\/v2\/tags?post=32948"}],"curies":[{"name":"wp","href":"https:\/\/api.w.org\/{rel}","templated":true}]}}