{"id":32945,"date":"2018-05-10T18:05:25","date_gmt":"2018-05-10T21:05:25","guid":{"rendered":"https:\/\/eldiariodesanpedro.com.ar\/sitio\/?p=32945"},"modified":"2018-05-10T18:05:25","modified_gmt":"2018-05-10T21:05:25","slug":"charla-abierta-sobre-reforma-previsional-y-laboral","status":"publish","type":"post","link":"https:\/\/eldiariodesanpedro.com.ar\/sitio\/charla-abierta-sobre-reforma-previsional-y-laboral\/","title":{"rendered":"Charla abierta sobre reforma previsional y laboral"},"content":{"rendered":"<p><!-- VideographyWP Plugin Message: Automatic video embedding prevented by plugin options. --><br \/>\nEl Sindicato de Papeleros de San Pedro invita a todos los trabajadores sampedrinos a una charla abierta sobre los alcances del proyecto de la Reforma Laboral y la Reforma Previsional aprobada el a\u00f1o pasado.<\/p>\n<p>La misma estar\u00e1 a cargo de los Dres. Carlos Casini y Walter Mart\u00edn y es abierta a los interesados en general sean o no afiliados.<br \/>\nLos esperamos ma\u00f1ana viernes 11 de Mayo en Ayacucho 645 desde las 20.30.<\/p>\n","protected":false},"excerpt":{"rendered":"<p>El Sindicato de Papeleros de San Pedro invita a todos los trabajadores sampedrinos a una charla abierta sobre los alcances del proyecto de la Reforma Laboral y la Reforma Previsional aprobada el a\u00f1o pasado. La misma estar\u00e1 a cargo de los Dres. Carlos Casini y Walter Mart\u00edn y es abierta a los interesados en general [&hellip;]<\/p>\n","protected":false},"author":4,"featured_media":32946,"comment_status":"open","ping_status":"closed","sticky":false,"template":"","format":"standard","meta":{"om_disable_all_campaigns":false,"_jetpack_memberships_contains_paid_content":false,"footnotes":""},"categories":[101,2],"tags":[],"class_list":["post-32945","post","type-post","status-publish","format-standard","has-post-thumbnail","hentry","category-interes-general-locales","category-locales"],"aioseo_notices":[],"gutentor_comment":0,"jetpack_featured_media_url":"https:\/\/eldiariodesanpedro.com.ar\/sitio\/wp-content\/uploads\/2018\/05\/reforma-laboral-644x340.jpg","jetpack_shortlink":"https:\/\/wp.me\/p6RhLt-8zn","jetpack_sharing_enabled":true,"_links":{"self":[{"href":"https:\/\/eldiariodesanpedro.com.ar\/sitio\/wp-json\/wp\/v2\/posts\/32945","targetHints":{"allow":["GET"]}}],"collection":[{"href":"https:\/\/eldiariodesanpedro.com.ar\/sitio\/wp-json\/wp\/v2\/posts"}],"about":[{"href":"https:\/\/eldiariodesanpedro.com.ar\/sitio\/wp-json\/wp\/v2\/types\/post"}],"author":[{"embeddable":true,"href":"https:\/\/eldiariodesanpedro.com.ar\/sitio\/wp-json\/wp\/v2\/users\/4"}],"replies":[{"embeddable":true,"href":"https:\/\/eldiariodesanpedro.com.ar\/sitio\/wp-json\/wp\/v2\/comments?post=32945"}],"version-history":[{"count":1,"href":"https:\/\/eldiariodesanpedro.com.ar\/sitio\/wp-json\/wp\/v2\/posts\/32945\/revisions"}],"predecessor-version":[{"id":32947,"href":"https:\/\/eldiariodesanpedro.com.ar\/sitio\/wp-json\/wp\/v2\/posts\/32945\/revisions\/32947"}],"wp:featuredmedia":[{"embeddable":true,"href":"https:\/\/eldiariodesanpedro.com.ar\/sitio\/wp-json\/wp\/v2\/media\/32946"}],"wp:attachment":[{"href":"https:\/\/eldiariodesanpedro.com.ar\/sitio\/wp-json\/wp\/v2\/media?parent=32945"}],"wp:term":[{"taxonomy":"category","embeddable":true,"href":"https:\/\/eldiariodesanpedro.com.ar\/sitio\/wp-json\/wp\/v2\/categories?post=32945"},{"taxonomy":"post_tag","embeddable":true,"href":"https:\/\/eldiariodesanpedro.com.ar\/sitio\/wp-json\/wp\/v2\/tags?post=32945"}],"curies":[{"name":"wp","href":"https:\/\/api.w.org\/{rel}","templated":true}]}}