{"id":32942,"date":"2018-05-10T10:30:21","date_gmt":"2018-05-10T13:30:21","guid":{"rendered":"https:\/\/eldiariodesanpedro.com.ar\/sitio\/?p=32942"},"modified":"2018-05-10T10:30:21","modified_gmt":"2018-05-10T13:30:21","slug":"secuestran-el-auto-de-un-vecino-de-baradero-por-alcoholemia","status":"publish","type":"post","link":"https:\/\/eldiariodesanpedro.com.ar\/sitio\/secuestran-el-auto-de-un-vecino-de-baradero-por-alcoholemia\/","title":{"rendered":"Secuestran el auto de un vecino de Baradero por alcoholemia"},"content":{"rendered":"<p><!-- VideographyWP Plugin Message: Automatic video embedding prevented by plugin options. --><br \/>\nEn operativos realizados en el ingreso de la ciudad se secuestro un veh\u00edculo que estaba siendo manejado por una persona con alcoholemia positivo.<\/p>\n<p>Este mi\u00e9rcoles en horas de la tarde la polic\u00eda local, junto a seguridad vial y polic\u00eda rural contin\u00faan con los operativos de control vehicular en los accesos de la ciudad, en esta ocasi\u00f3n durante el operativo en ruta 1001 y acceso a R\u00edo Tala se secuestro un autom\u00f3vil Chevrolet Corsa Classic que era conducido por un hombre de 40 a\u00f1os oriundo de la localidad de Baradero. Al realizarle el control correspondiente con la pipeta el resultado del mismo dio 2.0 grados de alcohol en sangre.<\/p>\n","protected":false},"excerpt":{"rendered":"<p>En operativos realizados en el ingreso de la ciudad se secuestro un veh\u00edculo que estaba siendo manejado por una persona con alcoholemia positivo. Este mi\u00e9rcoles en horas de la tarde la polic\u00eda local, junto a seguridad vial y polic\u00eda rural contin\u00faan con los operativos de control vehicular en los accesos de la ciudad, en esta [&hellip;]<\/p>\n","protected":false},"author":4,"featured_media":32943,"comment_status":"open","ping_status":"closed","sticky":false,"template":"","format":"standard","meta":{"om_disable_all_campaigns":false,"_jetpack_memberships_contains_paid_content":false,"footnotes":""},"categories":[2,103],"tags":[],"class_list":["post-32942","post","type-post","status-publish","format-standard","has-post-thumbnail","hentry","category-locales","category-policiales-locales"],"aioseo_notices":[],"gutentor_comment":0,"jetpack_featured_media_url":"https:\/\/eldiariodesanpedro.com.ar\/sitio\/wp-content\/uploads\/2018\/05\/0028800561.jpg","jetpack_shortlink":"https:\/\/wp.me\/p6RhLt-8zk","jetpack_sharing_enabled":true,"_links":{"self":[{"href":"https:\/\/eldiariodesanpedro.com.ar\/sitio\/wp-json\/wp\/v2\/posts\/32942","targetHints":{"allow":["GET"]}}],"collection":[{"href":"https:\/\/eldiariodesanpedro.com.ar\/sitio\/wp-json\/wp\/v2\/posts"}],"about":[{"href":"https:\/\/eldiariodesanpedro.com.ar\/sitio\/wp-json\/wp\/v2\/types\/post"}],"author":[{"embeddable":true,"href":"https:\/\/eldiariodesanpedro.com.ar\/sitio\/wp-json\/wp\/v2\/users\/4"}],"replies":[{"embeddable":true,"href":"https:\/\/eldiariodesanpedro.com.ar\/sitio\/wp-json\/wp\/v2\/comments?post=32942"}],"version-history":[{"count":1,"href":"https:\/\/eldiariodesanpedro.com.ar\/sitio\/wp-json\/wp\/v2\/posts\/32942\/revisions"}],"predecessor-version":[{"id":32944,"href":"https:\/\/eldiariodesanpedro.com.ar\/sitio\/wp-json\/wp\/v2\/posts\/32942\/revisions\/32944"}],"wp:featuredmedia":[{"embeddable":true,"href":"https:\/\/eldiariodesanpedro.com.ar\/sitio\/wp-json\/wp\/v2\/media\/32943"}],"wp:attachment":[{"href":"https:\/\/eldiariodesanpedro.com.ar\/sitio\/wp-json\/wp\/v2\/media?parent=32942"}],"wp:term":[{"taxonomy":"category","embeddable":true,"href":"https:\/\/eldiariodesanpedro.com.ar\/sitio\/wp-json\/wp\/v2\/categories?post=32942"},{"taxonomy":"post_tag","embeddable":true,"href":"https:\/\/eldiariodesanpedro.com.ar\/sitio\/wp-json\/wp\/v2\/tags?post=32942"}],"curies":[{"name":"wp","href":"https:\/\/api.w.org\/{rel}","templated":true}]}}