{"id":32935,"date":"2018-05-09T20:23:09","date_gmt":"2018-05-09T23:23:09","guid":{"rendered":"https:\/\/eldiariodesanpedro.com.ar\/sitio\/?p=32935"},"modified":"2026-01-24T00:13:41","modified_gmt":"2026-01-24T03:13:41","slug":"direccion-de-deportes-escuelas-de-iniciacion-deportiva","status":"publish","type":"post","link":"https:\/\/eldiariodesanpedro.com.ar\/sitio\/direccion-de-deportes-escuelas-de-iniciacion-deportiva\/","title":{"rendered":"DIRECCI\u00d3N DE DEPORTES: Escuelas de Iniciaci\u00f3n Deportiva"},"content":{"rendered":"<p><!-- VideographyWP Plugin Message: Automatic video embedding prevented by plugin options. --><br \/>\n  La Direcci\u00f3n de Deportes de la Municipalidad de San Pedro informa que la pr\u00f3xima semana comenzar\u00e1n las clases de las Escuelas de Iniciaci\u00f3n Deportiva, con lo cual se recuerda que se encuentra disponible la inscripci\u00f3n en la oficina de la misma sita en el Estadio Municipal.<\/p>\n<p>  Las Escuelas de Iniciaci\u00f3n Deportiva son coordinadas por la Secretar\u00eda de Deportes, Educaci\u00f3n F\u00edsica y Recreaci\u00f3n de la Naci\u00f3n, en conjunto con la Subsecretar\u00eda de Deportes de la Provincia de Buenos Aires y la MDSP. La finalidad de estas actividades es acercar alternativas de entretenimiento y formaci\u00f3n para los j\u00f3venes de San Pedro y las localidades con modalidades parecidas.<\/p>\n<p>Clase de Triatl\u00f3n: Prof. Dami\u00e1n Gallina.<br \/>\nLunes y jueves a las 18 hs. en el Estadio Municipal<\/p>\n<p>Clase de Handball: Prof. Federico Millet.<br \/>\nLunes y mi\u00e9rcoles 17.30 hs. en Villa Depietri<br \/>\nJueves 18.15 hs. en R\u00edo Tala, Play\u00f3n Deportivo EP. 12 y EES. 9.<\/p>\n<p>Clase de Arquer\u00eda: Prof. Ariel Gahn.<br \/>\nLunes y jueves a las 18 hs. en el Tiro Federal.<\/p>\n","protected":false},"excerpt":{"rendered":"<p>La Direcci\u00f3n de Deportes de la Municipalidad de San Pedro informa que la pr\u00f3xima semana comenzar\u00e1n las clases de las Escuelas de Iniciaci\u00f3n Deportiva, con lo cual se recuerda que se encuentra disponible la inscripci\u00f3n en la oficina de la misma sita en el Estadio Municipal. Las Escuelas de Iniciaci\u00f3n Deportiva son coordinadas por la [&hellip;]<\/p>\n","protected":false},"author":4,"featured_media":17679,"comment_status":"open","ping_status":"closed","sticky":false,"template":"","format":"standard","meta":{"om_disable_all_campaigns":false,"_jetpack_memberships_contains_paid_content":false,"footnotes":""},"categories":[5],"tags":[],"class_list":["post-32935","post","type-post","status-publish","format-standard","has-post-thumbnail","hentry","category-deportes"],"aioseo_notices":[],"gutentor_comment":0,"jetpack_featured_media_url":"https:\/\/eldiariodesanpedro.com.ar\/sitio\/wp-content\/uploads\/2017\/04\/DEPORTES.jpg","jetpack_shortlink":"https:\/\/wp.me\/p6RhLt-8zd","jetpack_sharing_enabled":true,"_links":{"self":[{"href":"https:\/\/eldiariodesanpedro.com.ar\/sitio\/wp-json\/wp\/v2\/posts\/32935","targetHints":{"allow":["GET"]}}],"collection":[{"href":"https:\/\/eldiariodesanpedro.com.ar\/sitio\/wp-json\/wp\/v2\/posts"}],"about":[{"href":"https:\/\/eldiariodesanpedro.com.ar\/sitio\/wp-json\/wp\/v2\/types\/post"}],"author":[{"embeddable":true,"href":"https:\/\/eldiariodesanpedro.com.ar\/sitio\/wp-json\/wp\/v2\/users\/4"}],"replies":[{"embeddable":true,"href":"https:\/\/eldiariodesanpedro.com.ar\/sitio\/wp-json\/wp\/v2\/comments?post=32935"}],"version-history":[{"count":1,"href":"https:\/\/eldiariodesanpedro.com.ar\/sitio\/wp-json\/wp\/v2\/posts\/32935\/revisions"}],"predecessor-version":[{"id":32936,"href":"https:\/\/eldiariodesanpedro.com.ar\/sitio\/wp-json\/wp\/v2\/posts\/32935\/revisions\/32936"}],"wp:featuredmedia":[{"embeddable":true,"href":"https:\/\/eldiariodesanpedro.com.ar\/sitio\/wp-json\/wp\/v2\/media\/17679"}],"wp:attachment":[{"href":"https:\/\/eldiariodesanpedro.com.ar\/sitio\/wp-json\/wp\/v2\/media?parent=32935"}],"wp:term":[{"taxonomy":"category","embeddable":true,"href":"https:\/\/eldiariodesanpedro.com.ar\/sitio\/wp-json\/wp\/v2\/categories?post=32935"},{"taxonomy":"post_tag","embeddable":true,"href":"https:\/\/eldiariodesanpedro.com.ar\/sitio\/wp-json\/wp\/v2\/tags?post=32935"}],"curies":[{"name":"wp","href":"https:\/\/api.w.org\/{rel}","templated":true}]}}