{"id":32932,"date":"2018-05-09T20:20:12","date_gmt":"2018-05-09T23:20:12","guid":{"rendered":"https:\/\/eldiariodesanpedro.com.ar\/sitio\/?p=32932"},"modified":"2026-01-24T00:13:42","modified_gmt":"2026-01-24T03:13:42","slug":"futbol-infantil-dos-selecciones-2007-de-la-liga-infantil-de-futbol","status":"publish","type":"post","link":"https:\/\/eldiariodesanpedro.com.ar\/sitio\/futbol-infantil-dos-selecciones-2007-de-la-liga-infantil-de-futbol\/","title":{"rendered":"F\u00daTBOL INFANTIL: Dos selecciones 2007 de la Liga Infantil de F\u00fatbol"},"content":{"rendered":"<p><!-- VideographyWP Plugin Message: Automatic video embedding prevented by plugin options. --><br \/>\n  Tal lo adelant\u00f3 este medio, ya entrenan a\u00fan con el clima en contra, los seleccionados 2007 que presentar\u00e1 la Liga Infantil en  vacaciones de invierno para el tradicional certamen que organiza la Liga nicole\u00f1a.  Ser\u00e1n dos planteles, Rojo y Negro y los jugadores convocados son:<\/p>\n<p><strong>Selecci\u00f3n \u201cRojo\u201d<\/strong><br \/>\nBautista L\u00f3pez, Valent\u00edn Correa y Alexis Jatil (Paran\u00e1), Mart\u00edn Tagliatori (Mitre), Agust\u00edn Campos y Valent\u00edn Trezzini (San Roque), Lorenzo Arev\u00e1lo y Juli\u00e1n Cerruti (Castro FC), Genaro D\u00edaz y Amaro Huesa (Los Andes), Lautaro Garc\u00eda (El Porvenir) y Santiago Unamuno (Central C\u00f3rdoba).<\/p>\n<p><strong>Selecci\u00f3n \u201cNegro\u201d<\/strong><br \/>\nJuli\u00e1n Oilher, Ger\u00f3nimo Ceballos y Mart\u00edn Soto (El Porvenir), Ezequiel Parre\u00f1o (El Tanque), Nahuel Far\u00edas (Fundici\u00f3n FC), Marcos Brey (Sportivo), Benjam\u00edn Fregenal (G. San Mart\u00edn), Agust\u00edn Cabrera, Juan A. Ferragut y Juan Sim\u00f3n Scarf\u00f3 (Mitre), Kevin Carlevaris (San Roque), Bautista Rocha (Rivadavia). <\/p>\n","protected":false},"excerpt":{"rendered":"<p>Tal lo adelant\u00f3 este medio, ya entrenan a\u00fan con el clima en contra, los seleccionados 2007 que presentar\u00e1 la Liga Infantil en vacaciones de invierno para el tradicional certamen que organiza la Liga nicole\u00f1a. Ser\u00e1n dos planteles, Rojo y Negro y los jugadores convocados son: Selecci\u00f3n \u201cRojo\u201d Bautista L\u00f3pez, Valent\u00edn Correa y Alexis Jatil (Paran\u00e1), [&hellip;]<\/p>\n","protected":false},"author":4,"featured_media":3872,"comment_status":"open","ping_status":"closed","sticky":false,"template":"","format":"standard","meta":{"om_disable_all_campaigns":false,"_jetpack_memberships_contains_paid_content":false,"footnotes":""},"categories":[5],"tags":[],"class_list":["post-32932","post","type-post","status-publish","format-standard","has-post-thumbnail","hentry","category-deportes"],"aioseo_notices":[],"gutentor_comment":0,"jetpack_featured_media_url":"https:\/\/eldiariodesanpedro.com.ar\/sitio\/wp-content\/uploads\/2016\/05\/futbol_infantil_1024x768_1.jpg","jetpack_shortlink":"https:\/\/wp.me\/p6RhLt-8za","jetpack_sharing_enabled":true,"_links":{"self":[{"href":"https:\/\/eldiariodesanpedro.com.ar\/sitio\/wp-json\/wp\/v2\/posts\/32932","targetHints":{"allow":["GET"]}}],"collection":[{"href":"https:\/\/eldiariodesanpedro.com.ar\/sitio\/wp-json\/wp\/v2\/posts"}],"about":[{"href":"https:\/\/eldiariodesanpedro.com.ar\/sitio\/wp-json\/wp\/v2\/types\/post"}],"author":[{"embeddable":true,"href":"https:\/\/eldiariodesanpedro.com.ar\/sitio\/wp-json\/wp\/v2\/users\/4"}],"replies":[{"embeddable":true,"href":"https:\/\/eldiariodesanpedro.com.ar\/sitio\/wp-json\/wp\/v2\/comments?post=32932"}],"version-history":[{"count":2,"href":"https:\/\/eldiariodesanpedro.com.ar\/sitio\/wp-json\/wp\/v2\/posts\/32932\/revisions"}],"predecessor-version":[{"id":32934,"href":"https:\/\/eldiariodesanpedro.com.ar\/sitio\/wp-json\/wp\/v2\/posts\/32932\/revisions\/32934"}],"wp:featuredmedia":[{"embeddable":true,"href":"https:\/\/eldiariodesanpedro.com.ar\/sitio\/wp-json\/wp\/v2\/media\/3872"}],"wp:attachment":[{"href":"https:\/\/eldiariodesanpedro.com.ar\/sitio\/wp-json\/wp\/v2\/media?parent=32932"}],"wp:term":[{"taxonomy":"category","embeddable":true,"href":"https:\/\/eldiariodesanpedro.com.ar\/sitio\/wp-json\/wp\/v2\/categories?post=32932"},{"taxonomy":"post_tag","embeddable":true,"href":"https:\/\/eldiariodesanpedro.com.ar\/sitio\/wp-json\/wp\/v2\/tags?post=32932"}],"curies":[{"name":"wp","href":"https:\/\/api.w.org\/{rel}","templated":true}]}}