{"id":32930,"date":"2018-05-09T20:16:44","date_gmt":"2018-05-09T23:16:44","guid":{"rendered":"https:\/\/eldiariodesanpedro.com.ar\/sitio\/?p=32930"},"modified":"2026-01-24T00:13:42","modified_gmt":"2026-01-24T03:13:42","slug":"futbol-para-ciegos-francia-colombia-e-iran-los-rivales-de-los-murcielagos-en-el-mundial-de-espana-2","status":"publish","type":"post","link":"https:\/\/eldiariodesanpedro.com.ar\/sitio\/futbol-para-ciegos-francia-colombia-e-iran-los-rivales-de-los-murcielagos-en-el-mundial-de-espana-2\/","title":{"rendered":"F\u00daTBOL PARA CIEGOS: Francia, Colombia e Ir\u00e1n los rivales de Los Murci\u00e9lagos en el Mundial de Espa\u00f1a"},"content":{"rendered":"<p><!-- VideographyWP Plugin Message: Automatic video embedding prevented by plugin options. --><br \/>\n  La Selecci\u00f3n Argentina de f\u00fatbol para ciegos, cuyo capit\u00e1n es el sampedrino Silvio Velo, se enfrentar\u00e1 a Francia, Colombia e Ir\u00e1n por el Grupo B del Mundial de Espa\u00f1a, que se desarrollar\u00e1 entre el 7 y 17 de junio en Madrid.<\/p>\n<p><strong>Grupos<\/strong><br \/>\nA: Espa\u00f1a, Turqu\u00eda, Marruecos y Tailandia.<br \/>\nB: Argentina, Francia, Colombia e Ir\u00e1n.<br \/>\nC: China, Rusia, M\u00e9xico y Corea del Sur.<br \/>\nD: Brasil, Inglaterra, Costa Rica y Mal\u00ed.<\/p>\n<p><strong>Concentraci\u00f3n en el CENARD<\/strong><br \/>\n  La Selecci\u00f3n Argentina de f\u00fatbol para ciegos ingres\u00f3 en la recta final de preparaci\u00f3n de cara al Mundial de Espa\u00f1a, y para ir afinando detalles el entrenador Mart\u00edn Demonte convoc\u00f3 a los jugadores para una nueva concentraci\u00f3n de la que participan 21 jugadores.<\/p>\n<p>  Los convocados: Dar\u00edo Lencina, Guido Consoni, Germ\u00e1n Muleck y Agust\u00edn Rojas (arqueros); Marcos Zalazar, Silvio Velo, Froil\u00e1n Padilla, Maximiliano Espinillo, Federico Accardi, \u00c1ngel Deldo, David Peralta, Lucas Rodr\u00edguez, Nicol\u00e1s V\u00e9liz, Daniel Iturria, Nahuel Heredia, Nahuel L\u00f3pez, Iv\u00e1n Figueroa, Marcelo Panizza, Vicente Zuccala, Brian Pereyra y Mat\u00edas Olivera.<\/p>\n","protected":false},"excerpt":{"rendered":"<p>La Selecci\u00f3n Argentina de f\u00fatbol para ciegos, cuyo capit\u00e1n es el sampedrino Silvio Velo, se enfrentar\u00e1 a Francia, Colombia e Ir\u00e1n por el Grupo B del Mundial de Espa\u00f1a, que se desarrollar\u00e1 entre el 7 y 17 de junio en Madrid. Grupos A: Espa\u00f1a, Turqu\u00eda, Marruecos y Tailandia. B: Argentina, Francia, Colombia e Ir\u00e1n. C: [&hellip;]<\/p>\n","protected":false},"author":4,"featured_media":26655,"comment_status":"open","ping_status":"closed","sticky":false,"template":"","format":"standard","meta":{"om_disable_all_campaigns":false,"_jetpack_memberships_contains_paid_content":false,"footnotes":""},"categories":[5],"tags":[],"class_list":["post-32930","post","type-post","status-publish","format-standard","has-post-thumbnail","hentry","category-deportes"],"aioseo_notices":[],"gutentor_comment":0,"jetpack_featured_media_url":"https:\/\/eldiariodesanpedro.com.ar\/sitio\/wp-content\/uploads\/2017\/12\/Los-Murci\u00e9lagos-siguen-haciendo-historia.jpg","jetpack_shortlink":"https:\/\/wp.me\/p6RhLt-8z8","jetpack_sharing_enabled":true,"_links":{"self":[{"href":"https:\/\/eldiariodesanpedro.com.ar\/sitio\/wp-json\/wp\/v2\/posts\/32930","targetHints":{"allow":["GET"]}}],"collection":[{"href":"https:\/\/eldiariodesanpedro.com.ar\/sitio\/wp-json\/wp\/v2\/posts"}],"about":[{"href":"https:\/\/eldiariodesanpedro.com.ar\/sitio\/wp-json\/wp\/v2\/types\/post"}],"author":[{"embeddable":true,"href":"https:\/\/eldiariodesanpedro.com.ar\/sitio\/wp-json\/wp\/v2\/users\/4"}],"replies":[{"embeddable":true,"href":"https:\/\/eldiariodesanpedro.com.ar\/sitio\/wp-json\/wp\/v2\/comments?post=32930"}],"version-history":[{"count":1,"href":"https:\/\/eldiariodesanpedro.com.ar\/sitio\/wp-json\/wp\/v2\/posts\/32930\/revisions"}],"predecessor-version":[{"id":32931,"href":"https:\/\/eldiariodesanpedro.com.ar\/sitio\/wp-json\/wp\/v2\/posts\/32930\/revisions\/32931"}],"wp:featuredmedia":[{"embeddable":true,"href":"https:\/\/eldiariodesanpedro.com.ar\/sitio\/wp-json\/wp\/v2\/media\/26655"}],"wp:attachment":[{"href":"https:\/\/eldiariodesanpedro.com.ar\/sitio\/wp-json\/wp\/v2\/media?parent=32930"}],"wp:term":[{"taxonomy":"category","embeddable":true,"href":"https:\/\/eldiariodesanpedro.com.ar\/sitio\/wp-json\/wp\/v2\/categories?post=32930"},{"taxonomy":"post_tag","embeddable":true,"href":"https:\/\/eldiariodesanpedro.com.ar\/sitio\/wp-json\/wp\/v2\/tags?post=32930"}],"curies":[{"name":"wp","href":"https:\/\/api.w.org\/{rel}","templated":true}]}}