{"id":32923,"date":"2018-05-09T20:11:53","date_gmt":"2018-05-09T23:11:53","guid":{"rendered":"https:\/\/eldiariodesanpedro.com.ar\/sitio\/?p=32923"},"modified":"2026-01-24T00:13:42","modified_gmt":"2026-01-24T03:13:42","slug":"automovilismo-en-colon-las-categorias-de-fedenor","status":"publish","type":"post","link":"https:\/\/eldiariodesanpedro.com.ar\/sitio\/automovilismo-en-colon-las-categorias-de-fedenor\/","title":{"rendered":"Automovilismo: En Col\u00f3n las categor\u00edas de Fedenor"},"content":{"rendered":"<p><!-- VideographyWP Plugin Message: Automatic video embedding prevented by plugin options. --><br \/>\nLas categor\u00edas zonales de Fedenor disputar\u00e1n su fecha en el Aut\u00f3dromo \u201cEmilio Reybet\u201d de Col\u00f3n, Buenos Aires, con participaci\u00f3n de varias maquinas de nuestra ciudad. <\/p>\n<p>  El Auto Moto Club Col\u00f3n decidi\u00f3 postergar la jornada automovil\u00edstica los dos fines de semana anteriores, pasando para este fin de semana, aunque tambi\u00e9n depende de las condiciones del circuito.<\/p>\n","protected":false},"excerpt":{"rendered":"<p>Las categor\u00edas zonales de Fedenor disputar\u00e1n su fecha en el Aut\u00f3dromo \u201cEmilio Reybet\u201d de Col\u00f3n, Buenos Aires, con participaci\u00f3n de varias maquinas de nuestra ciudad. El Auto Moto Club Col\u00f3n decidi\u00f3 postergar la jornada automovil\u00edstica los dos fines de semana anteriores, pasando para este fin de semana, aunque tambi\u00e9n depende de las condiciones del circuito.<\/p>\n","protected":false},"author":4,"featured_media":32926,"comment_status":"open","ping_status":"closed","sticky":false,"template":"","format":"standard","meta":{"om_disable_all_campaigns":false,"_jetpack_memberships_contains_paid_content":false,"footnotes":""},"categories":[5],"tags":[],"class_list":["post-32923","post","type-post","status-publish","format-standard","has-post-thumbnail","hentry","category-deportes"],"aioseo_notices":[],"gutentor_comment":0,"jetpack_featured_media_url":"https:\/\/eldiariodesanpedro.com.ar\/sitio\/wp-content\/uploads\/2018\/05\/fedenor-logo.jpg","jetpack_shortlink":"https:\/\/wp.me\/p6RhLt-8z1","jetpack_sharing_enabled":true,"_links":{"self":[{"href":"https:\/\/eldiariodesanpedro.com.ar\/sitio\/wp-json\/wp\/v2\/posts\/32923","targetHints":{"allow":["GET"]}}],"collection":[{"href":"https:\/\/eldiariodesanpedro.com.ar\/sitio\/wp-json\/wp\/v2\/posts"}],"about":[{"href":"https:\/\/eldiariodesanpedro.com.ar\/sitio\/wp-json\/wp\/v2\/types\/post"}],"author":[{"embeddable":true,"href":"https:\/\/eldiariodesanpedro.com.ar\/sitio\/wp-json\/wp\/v2\/users\/4"}],"replies":[{"embeddable":true,"href":"https:\/\/eldiariodesanpedro.com.ar\/sitio\/wp-json\/wp\/v2\/comments?post=32923"}],"version-history":[{"count":1,"href":"https:\/\/eldiariodesanpedro.com.ar\/sitio\/wp-json\/wp\/v2\/posts\/32923\/revisions"}],"predecessor-version":[{"id":32927,"href":"https:\/\/eldiariodesanpedro.com.ar\/sitio\/wp-json\/wp\/v2\/posts\/32923\/revisions\/32927"}],"wp:featuredmedia":[{"embeddable":true,"href":"https:\/\/eldiariodesanpedro.com.ar\/sitio\/wp-json\/wp\/v2\/media\/32926"}],"wp:attachment":[{"href":"https:\/\/eldiariodesanpedro.com.ar\/sitio\/wp-json\/wp\/v2\/media?parent=32923"}],"wp:term":[{"taxonomy":"category","embeddable":true,"href":"https:\/\/eldiariodesanpedro.com.ar\/sitio\/wp-json\/wp\/v2\/categories?post=32923"},{"taxonomy":"post_tag","embeddable":true,"href":"https:\/\/eldiariodesanpedro.com.ar\/sitio\/wp-json\/wp\/v2\/tags?post=32923"}],"curies":[{"name":"wp","href":"https:\/\/api.w.org\/{rel}","templated":true}]}}