{"id":32915,"date":"2018-05-09T15:34:49","date_gmt":"2018-05-09T18:34:49","guid":{"rendered":"https:\/\/eldiariodesanpedro.com.ar\/sitio\/?p=32915"},"modified":"2018-05-09T15:34:49","modified_gmt":"2018-05-09T18:34:49","slug":"san-nicolas-invento-un-intento-de-secuestro-para-justificar-tardanza-al-colegio","status":"publish","type":"post","link":"https:\/\/eldiariodesanpedro.com.ar\/sitio\/san-nicolas-invento-un-intento-de-secuestro-para-justificar-tardanza-al-colegio\/","title":{"rendered":"SAN NICOL\u00c1S: Invent\u00f3 un intento de secuestro para justificar tardanza al colegio"},"content":{"rendered":"<p><!-- VideographyWP Plugin Message: Automatic video embedding prevented by plugin options. --><br \/>\nEn la jornada de este lunes, trascendi\u00f3 en las redes sociales que una joven de 17 a\u00f1os hab\u00eda sido v\u00edctima de un intento de secuestro en Av. Moreno entre Naci\u00f3n y Mitre.<\/p>\n<p>La adolescente hab\u00eda manifestado que el hecho ocurri\u00f3 minutos antes de las 13:00, previo a su ingreso al Colegio Pompeya.<\/p>\n<p>Horas m\u00e1s tardes, luego de haberse generado una gran preocupaci\u00f3n en parte de la comunidad, confes\u00f3 que era mentira y que hab\u00eda inventado el suceso para justificar su tardanza a clases.<\/p>\n<p>El hecho est\u00e1 a cargo de la UFI N\u00ba 1 a cargo de la Dra. Ver\u00f3nica Marcantonio.<\/p>\n<p>Fuente: Diario El Informante<\/p>\n","protected":false},"excerpt":{"rendered":"<p>En la jornada de este lunes, trascendi\u00f3 en las redes sociales que una joven de 17 a\u00f1os hab\u00eda sido v\u00edctima de un intento de secuestro en Av. Moreno entre Naci\u00f3n y Mitre. La adolescente hab\u00eda manifestado que el hecho ocurri\u00f3 minutos antes de las 13:00, previo a su ingreso al Colegio Pompeya. Horas m\u00e1s tardes, [&hellip;]<\/p>\n","protected":false},"author":4,"featured_media":32916,"comment_status":"open","ping_status":"closed","sticky":false,"template":"","format":"standard","meta":{"om_disable_all_campaigns":false,"_jetpack_memberships_contains_paid_content":false,"footnotes":""},"categories":[621],"tags":[],"class_list":["post-32915","post","type-post","status-publish","format-standard","has-post-thumbnail","hentry","category-regionales"],"aioseo_notices":[],"gutentor_comment":0,"jetpack_featured_media_url":"https:\/\/eldiariodesanpedro.com.ar\/sitio\/wp-content\/uploads\/2018\/05\/nop1ccvo541vp77ubgs7vsaehba1.jpg","jetpack_shortlink":"https:\/\/wp.me\/p6RhLt-8yT","jetpack_sharing_enabled":true,"_links":{"self":[{"href":"https:\/\/eldiariodesanpedro.com.ar\/sitio\/wp-json\/wp\/v2\/posts\/32915","targetHints":{"allow":["GET"]}}],"collection":[{"href":"https:\/\/eldiariodesanpedro.com.ar\/sitio\/wp-json\/wp\/v2\/posts"}],"about":[{"href":"https:\/\/eldiariodesanpedro.com.ar\/sitio\/wp-json\/wp\/v2\/types\/post"}],"author":[{"embeddable":true,"href":"https:\/\/eldiariodesanpedro.com.ar\/sitio\/wp-json\/wp\/v2\/users\/4"}],"replies":[{"embeddable":true,"href":"https:\/\/eldiariodesanpedro.com.ar\/sitio\/wp-json\/wp\/v2\/comments?post=32915"}],"version-history":[{"count":1,"href":"https:\/\/eldiariodesanpedro.com.ar\/sitio\/wp-json\/wp\/v2\/posts\/32915\/revisions"}],"predecessor-version":[{"id":32917,"href":"https:\/\/eldiariodesanpedro.com.ar\/sitio\/wp-json\/wp\/v2\/posts\/32915\/revisions\/32917"}],"wp:featuredmedia":[{"embeddable":true,"href":"https:\/\/eldiariodesanpedro.com.ar\/sitio\/wp-json\/wp\/v2\/media\/32916"}],"wp:attachment":[{"href":"https:\/\/eldiariodesanpedro.com.ar\/sitio\/wp-json\/wp\/v2\/media?parent=32915"}],"wp:term":[{"taxonomy":"category","embeddable":true,"href":"https:\/\/eldiariodesanpedro.com.ar\/sitio\/wp-json\/wp\/v2\/categories?post=32915"},{"taxonomy":"post_tag","embeddable":true,"href":"https:\/\/eldiariodesanpedro.com.ar\/sitio\/wp-json\/wp\/v2\/tags?post=32915"}],"curies":[{"name":"wp","href":"https:\/\/api.w.org\/{rel}","templated":true}]}}