{"id":32910,"date":"2018-05-09T15:30:58","date_gmt":"2018-05-09T18:30:58","guid":{"rendered":"https:\/\/eldiariodesanpedro.com.ar\/sitio\/?p=32910"},"modified":"2018-05-09T15:32:46","modified_gmt":"2018-05-09T18:32:46","slug":"campana-accidente-fatal-donde-murio-una-mujer-en-la-ruta-9","status":"publish","type":"post","link":"https:\/\/eldiariodesanpedro.com.ar\/sitio\/campana-accidente-fatal-donde-murio-una-mujer-en-la-ruta-9\/","title":{"rendered":"CAMPANA: Accidente fatal donde muri\u00f3 una mujer en la Ruta 9"},"content":{"rendered":"<p><!-- VideographyWP Plugin Message: Automatic video embedding prevented by plugin options. --><br \/>\nOcurri\u00f3 a la altura de la empresa Tecmaco, escenario de varios accidentes graves. Dos motos BMW 1200 ven\u00edan de Misiones a Capital, el conductor de uno de los rodados perdi\u00f3 el control y cay\u00f3, su acompa\u00f1ante falleci\u00f3 de manera instant\u00e1nea y el motociclista fue trasladado inconsciente al hospital local.<\/p>\n<p>El fatal hecho ocurri\u00f3 en la tarde de este martes, pasadas las 17 hs, a la altura del km. 78 de Panamericana. Dos parejas en sendas motos BMW 1200, viajaban desde Misiones con direcci\u00f3n a Capital, cuando al llegar a la altura de la empresa Tecmaco, sobre Panamericana, uno de los conductores pierde el control en uno de los desniveles del puente y cae junto a su acompa\u00f1ante, que fallece en el acto y \u00e9l queda inconsciente sobre el pavimento.<\/p>\n<p>El hombre fue trasladado por Bomberos Voluntarios de Campana al Hospital Municipal San Jos\u00e9. Colabor\u00f3 el Comando de Patrulla zona 3 y Patrulla Vial.<br \/>\nLas v\u00edctimas fueron identificadas como Alejandro Rabisolo y Dilma C\u00e1ceres, ambos oriundos de Buenos Aires.<\/p>\n<p>Fuente: El Campanense Diario<\/p>\n<p><img decoding=\"async\" data-attachment-id=\"32911\" data-permalink=\"https:\/\/eldiariodesanpedro.com.ar\/sitio\/campana-accidente-fatal-donde-murio-una-mujer-en-la-ruta-9\/img-20180508-wa0048_658x400\/\" data-orig-file=\"https:\/\/eldiariodesanpedro.com.ar\/sitio\/wp-content\/uploads\/2018\/05\/img-20180508-wa0048_658x400.jpg\" data-orig-size=\"960,450\" data-comments-opened=\"1\" data-image-meta=\"{&quot;aperture&quot;:&quot;0&quot;,&quot;credit&quot;:&quot;&quot;,&quot;camera&quot;:&quot;&quot;,&quot;caption&quot;:&quot;&quot;,&quot;created_timestamp&quot;:&quot;0&quot;,&quot;copyright&quot;:&quot;&quot;,&quot;focal_length&quot;:&quot;0&quot;,&quot;iso&quot;:&quot;0&quot;,&quot;shutter_speed&quot;:&quot;0&quot;,&quot;title&quot;:&quot;&quot;,&quot;orientation&quot;:&quot;0&quot;}\" data-image-title=\"img-20180508-wa0048_658x400\" data-image-description=\"\" data-image-caption=\"\" data-large-file=\"https:\/\/eldiariodesanpedro.com.ar\/sitio\/wp-content\/uploads\/2018\/05\/img-20180508-wa0048_658x400.jpg\" class=\"size-full wp-image-32911 aligncenter lazyload\" data-src=\"https:\/\/eldiariodesanpedro.com.ar\/sitio\/wp-content\/uploads\/2018\/05\/img-20180508-wa0048_658x400.jpg\" alt=\"\" width=\"960\" height=\"450\" data-srcset=\"https:\/\/eldiariodesanpedro.com.ar\/sitio\/wp-content\/uploads\/2018\/05\/img-20180508-wa0048_658x400.jpg 960w, https:\/\/eldiariodesanpedro.com.ar\/sitio\/wp-content\/uploads\/2018\/05\/img-20180508-wa0048_658x400-300x141.jpg 300w, https:\/\/eldiariodesanpedro.com.ar\/sitio\/wp-content\/uploads\/2018\/05\/img-20180508-wa0048_658x400-768x360.jpg 768w\" data-sizes=\"(max-width: 960px) 100vw, 960px\" src=\"data:image\/svg+xml;base64,PHN2ZyB3aWR0aD0iMSIgaGVpZ2h0PSIxIiB4bWxucz0iaHR0cDovL3d3dy53My5vcmcvMjAwMC9zdmciPjwvc3ZnPg==\" style=\"--smush-placeholder-width: 960px; --smush-placeholder-aspect-ratio: 960\/450;\" \/><\/p>\n","protected":false},"excerpt":{"rendered":"<p>Ocurri\u00f3 a la altura de la empresa Tecmaco, escenario de varios accidentes graves. Dos motos BMW 1200 ven\u00edan de Misiones a Capital, el conductor de uno de los rodados perdi\u00f3 el control y cay\u00f3, su acompa\u00f1ante falleci\u00f3 de manera instant\u00e1nea y el motociclista fue trasladado inconsciente al hospital local. El fatal hecho ocurri\u00f3 en la [&hellip;]<\/p>\n","protected":false},"author":4,"featured_media":32912,"comment_status":"open","ping_status":"closed","sticky":false,"template":"","format":"standard","meta":{"om_disable_all_campaigns":false,"_jetpack_memberships_contains_paid_content":false,"footnotes":""},"categories":[621],"tags":[],"class_list":["post-32910","post","type-post","status-publish","format-standard","has-post-thumbnail","hentry","category-regionales"],"aioseo_notices":[],"gutentor_comment":0,"jetpack_featured_media_url":"https:\/\/eldiariodesanpedro.com.ar\/sitio\/wp-content\/uploads\/2018\/05\/PAGINA-7.jpg","jetpack_shortlink":"https:\/\/wp.me\/p6RhLt-8yO","jetpack_sharing_enabled":true,"_links":{"self":[{"href":"https:\/\/eldiariodesanpedro.com.ar\/sitio\/wp-json\/wp\/v2\/posts\/32910","targetHints":{"allow":["GET"]}}],"collection":[{"href":"https:\/\/eldiariodesanpedro.com.ar\/sitio\/wp-json\/wp\/v2\/posts"}],"about":[{"href":"https:\/\/eldiariodesanpedro.com.ar\/sitio\/wp-json\/wp\/v2\/types\/post"}],"author":[{"embeddable":true,"href":"https:\/\/eldiariodesanpedro.com.ar\/sitio\/wp-json\/wp\/v2\/users\/4"}],"replies":[{"embeddable":true,"href":"https:\/\/eldiariodesanpedro.com.ar\/sitio\/wp-json\/wp\/v2\/comments?post=32910"}],"version-history":[{"count":2,"href":"https:\/\/eldiariodesanpedro.com.ar\/sitio\/wp-json\/wp\/v2\/posts\/32910\/revisions"}],"predecessor-version":[{"id":32914,"href":"https:\/\/eldiariodesanpedro.com.ar\/sitio\/wp-json\/wp\/v2\/posts\/32910\/revisions\/32914"}],"wp:featuredmedia":[{"embeddable":true,"href":"https:\/\/eldiariodesanpedro.com.ar\/sitio\/wp-json\/wp\/v2\/media\/32912"}],"wp:attachment":[{"href":"https:\/\/eldiariodesanpedro.com.ar\/sitio\/wp-json\/wp\/v2\/media?parent=32910"}],"wp:term":[{"taxonomy":"category","embeddable":true,"href":"https:\/\/eldiariodesanpedro.com.ar\/sitio\/wp-json\/wp\/v2\/categories?post=32910"},{"taxonomy":"post_tag","embeddable":true,"href":"https:\/\/eldiariodesanpedro.com.ar\/sitio\/wp-json\/wp\/v2\/tags?post=32910"}],"curies":[{"name":"wp","href":"https:\/\/api.w.org\/{rel}","templated":true}]}}