{"id":32907,"date":"2018-05-09T15:27:25","date_gmt":"2018-05-09T18:27:25","guid":{"rendered":"https:\/\/eldiariodesanpedro.com.ar\/sitio\/?p=32907"},"modified":"2018-05-09T15:27:25","modified_gmt":"2018-05-09T18:27:25","slug":"arrecifes-detienen-a-un-sujeto-que-se-llevaba-una-moto-a-la-rastra","status":"publish","type":"post","link":"https:\/\/eldiariodesanpedro.com.ar\/sitio\/arrecifes-detienen-a-un-sujeto-que-se-llevaba-una-moto-a-la-rastra\/","title":{"rendered":"ARRECIFES: Detienen a un sujeto que se llevaba una moto a la rastra"},"content":{"rendered":"<p><!-- VideographyWP Plugin Message: Automatic video embedding prevented by plugin options. --><br \/>\nEn las primeras horas de la ma\u00f1ana de este domingo, en Av. Merlassino y Saavedra, personal policial aprehendi\u00f3 a un menor de edad que llevaba arrastrando una moto que ten\u00eda colocada una cadena con candado. Era una Guerrero 110 cc. que hab\u00eda robado momentos antes del estacionamiento de motos del Hospital Municipal.<\/p>\n<p>El menor fue trasladado a la Comisar\u00eda. Y tras consultar al fiscal del Fuero Penal de Responsabilidad Juvenil de San Nicol\u00e1s, fue entregado a sus padres.<\/p>\n<p>Se ubic\u00f3 al due\u00f1o de la moto, Fabi\u00e1n Trotta, quien acredit\u00f3 su propiedad y le fue restituida.<\/p>\n<p>Fuente: Arrecifes Noticias<\/p>\n","protected":false},"excerpt":{"rendered":"<p>En las primeras horas de la ma\u00f1ana de este domingo, en Av. Merlassino y Saavedra, personal policial aprehendi\u00f3 a un menor de edad que llevaba arrastrando una moto que ten\u00eda colocada una cadena con candado. Era una Guerrero 110 cc. que hab\u00eda robado momentos antes del estacionamiento de motos del Hospital Municipal. El menor fue [&hellip;]<\/p>\n","protected":false},"author":4,"featured_media":32908,"comment_status":"open","ping_status":"closed","sticky":false,"template":"","format":"standard","meta":{"om_disable_all_campaigns":false,"_jetpack_memberships_contains_paid_content":false,"footnotes":""},"categories":[621],"tags":[],"class_list":["post-32907","post","type-post","status-publish","format-standard","has-post-thumbnail","hentry","category-regionales"],"aioseo_notices":[],"gutentor_comment":0,"jetpack_featured_media_url":"https:\/\/eldiariodesanpedro.com.ar\/sitio\/wp-content\/uploads\/2018\/05\/patrullero-nuevo_3.jpg","jetpack_shortlink":"https:\/\/wp.me\/p6RhLt-8yL","jetpack_sharing_enabled":true,"_links":{"self":[{"href":"https:\/\/eldiariodesanpedro.com.ar\/sitio\/wp-json\/wp\/v2\/posts\/32907","targetHints":{"allow":["GET"]}}],"collection":[{"href":"https:\/\/eldiariodesanpedro.com.ar\/sitio\/wp-json\/wp\/v2\/posts"}],"about":[{"href":"https:\/\/eldiariodesanpedro.com.ar\/sitio\/wp-json\/wp\/v2\/types\/post"}],"author":[{"embeddable":true,"href":"https:\/\/eldiariodesanpedro.com.ar\/sitio\/wp-json\/wp\/v2\/users\/4"}],"replies":[{"embeddable":true,"href":"https:\/\/eldiariodesanpedro.com.ar\/sitio\/wp-json\/wp\/v2\/comments?post=32907"}],"version-history":[{"count":1,"href":"https:\/\/eldiariodesanpedro.com.ar\/sitio\/wp-json\/wp\/v2\/posts\/32907\/revisions"}],"predecessor-version":[{"id":32909,"href":"https:\/\/eldiariodesanpedro.com.ar\/sitio\/wp-json\/wp\/v2\/posts\/32907\/revisions\/32909"}],"wp:featuredmedia":[{"embeddable":true,"href":"https:\/\/eldiariodesanpedro.com.ar\/sitio\/wp-json\/wp\/v2\/media\/32908"}],"wp:attachment":[{"href":"https:\/\/eldiariodesanpedro.com.ar\/sitio\/wp-json\/wp\/v2\/media?parent=32907"}],"wp:term":[{"taxonomy":"category","embeddable":true,"href":"https:\/\/eldiariodesanpedro.com.ar\/sitio\/wp-json\/wp\/v2\/categories?post=32907"},{"taxonomy":"post_tag","embeddable":true,"href":"https:\/\/eldiariodesanpedro.com.ar\/sitio\/wp-json\/wp\/v2\/tags?post=32907"}],"curies":[{"name":"wp","href":"https:\/\/api.w.org\/{rel}","templated":true}]}}