{"id":32904,"date":"2018-05-09T15:18:00","date_gmt":"2018-05-09T18:18:00","guid":{"rendered":"https:\/\/eldiariodesanpedro.com.ar\/sitio\/?p=32904"},"modified":"2018-05-09T15:18:00","modified_gmt":"2018-05-09T18:18:00","slug":"ramallo-profunda-preocupacion-de-los-comerciantes","status":"publish","type":"post","link":"https:\/\/eldiariodesanpedro.com.ar\/sitio\/ramallo-profunda-preocupacion-de-los-comerciantes\/","title":{"rendered":"RAMALLO: Profunda preocupaci\u00f3n de los comerciantes"},"content":{"rendered":"<p><!-- VideographyWP Plugin Message: Automatic video embedding prevented by plugin options. --><br \/>\nSituaci\u00f3n cr\u00edticaTarifazos: Profunda preocupaci\u00f3n de los comerciantes inCompartir Esta semana comenzaron a llegar las nuevas facturas de luz con grandes aumentos. Hay comercios que se desayunaron con boletas de hasta 25 mil pesos. Centro de comercio local.Esta semana comenzaron a llegar las nuevas facturas de luz con grandes aumentos. Hay comercios que se desayunaron con boletas de hasta 25 mil pesos.Los Centros de Comercios alertaron ante esta situaci\u00f3n y ven con ser\u00eda preocupaci\u00f3n la continuidad de algunos locales.<\/p>\n<p>German Iribarria, presidente del Centro de Comercio, Industria y Turismo de Ramallo, manifest\u00f3 que \u201chay muchos comerciantes que est\u00e1n preocupados por la continuidad de su local, y hay otros que ya han cerrado directamente a causa de los aumentos de energ\u00eda\u201d.<\/p>\n<p>Adem\u00e1s, puntualiz\u00f3 que \u201chay una situaci\u00f3n m\u00e1s compleja, donde algunos comerciantes han sacado cr\u00e9ditos, o han gastados sus ahorros, para pagar los servicios. Este es el primer paso previo a fundirse. Es una situaci\u00f3n preocupante. Sumado a que el tiempo no ayuda, tampoco el auge de la venta online, la suba de las cargas sociales y los costos complica a\u00fan m\u00e1s el panorama\u201d.<\/p>\n<p>En tanto el presidente del Centro de Comercio de Villa Ramallo, Alejandro Natalini, remarc\u00f3 que \u201cel comercio de Villa Ramallo est\u00e1 en una situaci\u00f3n especial, no s\u00e9 si porque estamos en una burbuja sostenida por Siderar en la cual se maneja otra econom\u00eda local, porque no tengo conocimiento de alg\u00fan comerciante que haya sacado un cr\u00e9dito para pagar los servicios. Lo que s\u00ed veo, es que hay un retraimiento del consumo\u201d.<\/p>\n<p>Fuente: Ramallo Ciudad<\/p>\n","protected":false},"excerpt":{"rendered":"<p>Situaci\u00f3n cr\u00edticaTarifazos: Profunda preocupaci\u00f3n de los comerciantes inCompartir Esta semana comenzaron a llegar las nuevas facturas de luz con grandes aumentos. Hay comercios que se desayunaron con boletas de hasta 25 mil pesos. Centro de comercio local.Esta semana comenzaron a llegar las nuevas facturas de luz con grandes aumentos. Hay comercios que se desayunaron con [&hellip;]<\/p>\n","protected":false},"author":4,"featured_media":32905,"comment_status":"open","ping_status":"closed","sticky":false,"template":"","format":"standard","meta":{"om_disable_all_campaigns":false,"_jetpack_memberships_contains_paid_content":false,"footnotes":""},"categories":[621],"tags":[],"class_list":["post-32904","post","type-post","status-publish","format-standard","has-post-thumbnail","hentry","category-regionales"],"aioseo_notices":[],"gutentor_comment":0,"jetpack_featured_media_url":"https:\/\/eldiariodesanpedro.com.ar\/sitio\/wp-content\/uploads\/2018\/05\/bbx_1014302831_1_centrodecomercio.jpg","jetpack_shortlink":"https:\/\/wp.me\/p6RhLt-8yI","jetpack_sharing_enabled":true,"_links":{"self":[{"href":"https:\/\/eldiariodesanpedro.com.ar\/sitio\/wp-json\/wp\/v2\/posts\/32904","targetHints":{"allow":["GET"]}}],"collection":[{"href":"https:\/\/eldiariodesanpedro.com.ar\/sitio\/wp-json\/wp\/v2\/posts"}],"about":[{"href":"https:\/\/eldiariodesanpedro.com.ar\/sitio\/wp-json\/wp\/v2\/types\/post"}],"author":[{"embeddable":true,"href":"https:\/\/eldiariodesanpedro.com.ar\/sitio\/wp-json\/wp\/v2\/users\/4"}],"replies":[{"embeddable":true,"href":"https:\/\/eldiariodesanpedro.com.ar\/sitio\/wp-json\/wp\/v2\/comments?post=32904"}],"version-history":[{"count":1,"href":"https:\/\/eldiariodesanpedro.com.ar\/sitio\/wp-json\/wp\/v2\/posts\/32904\/revisions"}],"predecessor-version":[{"id":32906,"href":"https:\/\/eldiariodesanpedro.com.ar\/sitio\/wp-json\/wp\/v2\/posts\/32904\/revisions\/32906"}],"wp:featuredmedia":[{"embeddable":true,"href":"https:\/\/eldiariodesanpedro.com.ar\/sitio\/wp-json\/wp\/v2\/media\/32905"}],"wp:attachment":[{"href":"https:\/\/eldiariodesanpedro.com.ar\/sitio\/wp-json\/wp\/v2\/media?parent=32904"}],"wp:term":[{"taxonomy":"category","embeddable":true,"href":"https:\/\/eldiariodesanpedro.com.ar\/sitio\/wp-json\/wp\/v2\/categories?post=32904"},{"taxonomy":"post_tag","embeddable":true,"href":"https:\/\/eldiariodesanpedro.com.ar\/sitio\/wp-json\/wp\/v2\/tags?post=32904"}],"curies":[{"name":"wp","href":"https:\/\/api.w.org\/{rel}","templated":true}]}}