{"id":32901,"date":"2018-05-09T15:14:28","date_gmt":"2018-05-09T18:14:28","guid":{"rendered":"https:\/\/eldiariodesanpedro.com.ar\/sitio\/?p=32901"},"modified":"2018-05-09T15:14:28","modified_gmt":"2018-05-09T18:14:28","slug":"san-nicolas-detuvieron-al-rosarino-y-seria-el-autor-del-disparo-que-dio-muerte-al-policia-maldonado","status":"publish","type":"post","link":"https:\/\/eldiariodesanpedro.com.ar\/sitio\/san-nicolas-detuvieron-al-rosarino-y-seria-el-autor-del-disparo-que-dio-muerte-al-policia-maldonado\/","title":{"rendered":"SAN NICOL\u00c1S: Detuvieron al \u201cRosarino\u201d y ser\u00eda el autor del disparo que dio muerte al polic\u00eda Maldonado"},"content":{"rendered":"<p><!-- VideographyWP Plugin Message: Automatic video embedding prevented by plugin options. --><br \/>\nGrupos Operativos de la DDI SAN NICOL\u00c1S realizaron allanamientos en relaci\u00f3n al hecho acaecido el 1 de Mayo en que sujetos armados dieron muerte al oficial del GAD Mauro Maldonado, quien se encontraba en servicio en medio de un conflicto vecinal en barrio Las Mellizas.<\/p>\n<p>De acuerdo a la investigaci\u00f3n que se viene llevando a cabo se estableci\u00f3 la autor\u00eda por parte de una banda delictiva que se encontraba en el momento de los hechos, oportunistas de la ocasi\u00f3n, para herir a personal policial, de los cuales tres ya se encuentran detenidos.<\/p>\n<p>En las \u00faltimas horas el fiscal Dar\u00edo Giagnorio solicit\u00f3 \u00f3rdenes de allanamientos y personal de la DDI logr\u00f3 la detenci\u00f3n de dos sujetos.<\/p>\n<p>Fueron encontrados en la obra en construcci\u00f3n en la que trabajaban como alba\u00f1iles, en calle Bol\u00edvar y Espa\u00f1a. Todos all\u00ed desconoc\u00edan el accionar de ambos, y no existe ninguna relaci\u00f3n vinculante a los hechos; ni del personal ni propietarios de los edificios.<\/p>\n<p>Los aprehendidos son Nicol\u00e1s Barrios y Mauricio Gimenez, alias el \u201cRosarino\u201d. Este \u00faltimo ser\u00eda el sindicado como posible autor del disparo que dio muerte al polic\u00eda Maldonado.<\/p>\n<p>Cuando Maldonado se encontraba en l\u00ednea junto al resto de sus compa\u00f1eros en barrio Las Mellizas, tratando de contener a enardecidos que quer\u00eda incendiar una vivienda; protegidos por escudos individuales; recibi\u00f3 el disparo desde una calle lateral que impact\u00f3 en la sien derecha. All\u00ed tanto testigos, como filmaciones, los ubican a estos sujetos.<\/p>\n<p>Barrios es de barrio Las Mellizas mientras que Gimenez vive en San Jorge. Ambos son conocidos por su accionar y por conflictos permanentes en la zona.<\/p>\n<p>EL INFORMANTE consult\u00f3 al fiscal Giagnorio quien confirm\u00f3 las dos detenciones \u00fanicamente.<\/p>\n<p>M\u00e1s all\u00e1 de eso, el trascendido period\u00edstica sindica fuertemente al \u00abRosarino\u00bb como el homicida.<\/p>\n<p>Quedaron alojados en sede policial a disposici\u00f3n de la justicia y pesa sobre ellos la car\u00e1tula de Homicidio, Da\u00f1o, Atentado a la Autoridad y Lesiones.<\/p>\n<p>Fuente: Diario El Informante<\/p>\n","protected":false},"excerpt":{"rendered":"<p>Grupos Operativos de la DDI SAN NICOL\u00c1S realizaron allanamientos en relaci\u00f3n al hecho acaecido el 1 de Mayo en que sujetos armados dieron muerte al oficial del GAD Mauro Maldonado, quien se encontraba en servicio en medio de un conflicto vecinal en barrio Las Mellizas. De acuerdo a la investigaci\u00f3n que se viene llevando a [&hellip;]<\/p>\n","protected":false},"author":4,"featured_media":32902,"comment_status":"open","ping_status":"closed","sticky":false,"template":"","format":"standard","meta":{"om_disable_all_campaigns":false,"_jetpack_memberships_contains_paid_content":false,"footnotes":""},"categories":[621],"tags":[],"class_list":["post-32901","post","type-post","status-publish","format-standard","has-post-thumbnail","hentry","category-regionales"],"aioseo_notices":[],"gutentor_comment":0,"jetpack_featured_media_url":"https:\/\/eldiariodesanpedro.com.ar\/sitio\/wp-content\/uploads\/2018\/05\/PAGINA-6.jpg","jetpack_shortlink":"https:\/\/wp.me\/p6RhLt-8yF","jetpack_sharing_enabled":true,"_links":{"self":[{"href":"https:\/\/eldiariodesanpedro.com.ar\/sitio\/wp-json\/wp\/v2\/posts\/32901","targetHints":{"allow":["GET"]}}],"collection":[{"href":"https:\/\/eldiariodesanpedro.com.ar\/sitio\/wp-json\/wp\/v2\/posts"}],"about":[{"href":"https:\/\/eldiariodesanpedro.com.ar\/sitio\/wp-json\/wp\/v2\/types\/post"}],"author":[{"embeddable":true,"href":"https:\/\/eldiariodesanpedro.com.ar\/sitio\/wp-json\/wp\/v2\/users\/4"}],"replies":[{"embeddable":true,"href":"https:\/\/eldiariodesanpedro.com.ar\/sitio\/wp-json\/wp\/v2\/comments?post=32901"}],"version-history":[{"count":1,"href":"https:\/\/eldiariodesanpedro.com.ar\/sitio\/wp-json\/wp\/v2\/posts\/32901\/revisions"}],"predecessor-version":[{"id":32903,"href":"https:\/\/eldiariodesanpedro.com.ar\/sitio\/wp-json\/wp\/v2\/posts\/32901\/revisions\/32903"}],"wp:featuredmedia":[{"embeddable":true,"href":"https:\/\/eldiariodesanpedro.com.ar\/sitio\/wp-json\/wp\/v2\/media\/32902"}],"wp:attachment":[{"href":"https:\/\/eldiariodesanpedro.com.ar\/sitio\/wp-json\/wp\/v2\/media?parent=32901"}],"wp:term":[{"taxonomy":"category","embeddable":true,"href":"https:\/\/eldiariodesanpedro.com.ar\/sitio\/wp-json\/wp\/v2\/categories?post=32901"},{"taxonomy":"post_tag","embeddable":true,"href":"https:\/\/eldiariodesanpedro.com.ar\/sitio\/wp-json\/wp\/v2\/tags?post=32901"}],"curies":[{"name":"wp","href":"https:\/\/api.w.org\/{rel}","templated":true}]}}