{"id":32899,"date":"2018-05-09T15:00:06","date_gmt":"2018-05-09T18:00:06","guid":{"rendered":"https:\/\/eldiariodesanpedro.com.ar\/sitio\/?p=32899"},"modified":"2018-05-09T15:00:06","modified_gmt":"2018-05-09T18:00:06","slug":"un-joven-con-pedido-de-paradero-solicitado-desde-san-isidro","status":"publish","type":"post","link":"https:\/\/eldiariodesanpedro.com.ar\/sitio\/un-joven-con-pedido-de-paradero-solicitado-desde-san-isidro\/","title":{"rendered":"Un joven con pedido de paradero solicitado desde San Isidro"},"content":{"rendered":"<p><!-- VideographyWP Plugin Message: Automatic video embedding prevented by plugin options. --><br \/>\nEste martes el personal policial de nuestra ciudad en calle Gomendio e Hip\u00f3lito Yrigoyen procedi\u00f3 a la aprehensi\u00f3n de joven ciudadano de 16 a\u00f1os, este quien registra \u00abpedido de paradero activo\u00bb desde este a\u00f1o, solicitado por el Fuero de Responsabilidad Penal Juvenil San Isidro. <\/p>\n<p>Esta persona fue trasladado a la seccional policial y luego mantenida comunicaci\u00f3n con magistrado de dicha localidad en intervenci\u00f3n dispone notificaci\u00f3n presentaci\u00f3n en sede judicial y despu\u00e9s entregado a sus progenitores.<\/p>\n","protected":false},"excerpt":{"rendered":"<p>Este martes el personal policial de nuestra ciudad en calle Gomendio e Hip\u00f3lito Yrigoyen procedi\u00f3 a la aprehensi\u00f3n de joven ciudadano de 16 a\u00f1os, este quien registra \u00abpedido de paradero activo\u00bb desde este a\u00f1o, solicitado por el Fuero de Responsabilidad Penal Juvenil San Isidro. Esta persona fue trasladado a la seccional policial y luego mantenida [&hellip;]<\/p>\n","protected":false},"author":4,"featured_media":31829,"comment_status":"open","ping_status":"closed","sticky":false,"template":"","format":"standard","meta":{"om_disable_all_campaigns":false,"_jetpack_memberships_contains_paid_content":false,"footnotes":""},"categories":[2,103],"tags":[],"class_list":["post-32899","post","type-post","status-publish","format-standard","has-post-thumbnail","hentry","category-locales","category-policiales-locales"],"aioseo_notices":[],"gutentor_comment":0,"jetpack_featured_media_url":"https:\/\/eldiariodesanpedro.com.ar\/sitio\/wp-content\/uploads\/2018\/04\/detenido_658x400_0.jpg","jetpack_shortlink":"https:\/\/wp.me\/p6RhLt-8yD","jetpack_sharing_enabled":true,"_links":{"self":[{"href":"https:\/\/eldiariodesanpedro.com.ar\/sitio\/wp-json\/wp\/v2\/posts\/32899","targetHints":{"allow":["GET"]}}],"collection":[{"href":"https:\/\/eldiariodesanpedro.com.ar\/sitio\/wp-json\/wp\/v2\/posts"}],"about":[{"href":"https:\/\/eldiariodesanpedro.com.ar\/sitio\/wp-json\/wp\/v2\/types\/post"}],"author":[{"embeddable":true,"href":"https:\/\/eldiariodesanpedro.com.ar\/sitio\/wp-json\/wp\/v2\/users\/4"}],"replies":[{"embeddable":true,"href":"https:\/\/eldiariodesanpedro.com.ar\/sitio\/wp-json\/wp\/v2\/comments?post=32899"}],"version-history":[{"count":1,"href":"https:\/\/eldiariodesanpedro.com.ar\/sitio\/wp-json\/wp\/v2\/posts\/32899\/revisions"}],"predecessor-version":[{"id":32900,"href":"https:\/\/eldiariodesanpedro.com.ar\/sitio\/wp-json\/wp\/v2\/posts\/32899\/revisions\/32900"}],"wp:featuredmedia":[{"embeddable":true,"href":"https:\/\/eldiariodesanpedro.com.ar\/sitio\/wp-json\/wp\/v2\/media\/31829"}],"wp:attachment":[{"href":"https:\/\/eldiariodesanpedro.com.ar\/sitio\/wp-json\/wp\/v2\/media?parent=32899"}],"wp:term":[{"taxonomy":"category","embeddable":true,"href":"https:\/\/eldiariodesanpedro.com.ar\/sitio\/wp-json\/wp\/v2\/categories?post=32899"},{"taxonomy":"post_tag","embeddable":true,"href":"https:\/\/eldiariodesanpedro.com.ar\/sitio\/wp-json\/wp\/v2\/tags?post=32899"}],"curies":[{"name":"wp","href":"https:\/\/api.w.org\/{rel}","templated":true}]}}