{"id":32897,"date":"2018-05-09T14:57:35","date_gmt":"2018-05-09T17:57:35","guid":{"rendered":"https:\/\/eldiariodesanpedro.com.ar\/sitio\/?p=32897"},"modified":"2018-05-09T14:57:35","modified_gmt":"2018-05-09T17:57:35","slug":"un-menor-aprehendido-por-intentar-de-robar-una-motocicleta","status":"publish","type":"post","link":"https:\/\/eldiariodesanpedro.com.ar\/sitio\/un-menor-aprehendido-por-intentar-de-robar-una-motocicleta\/","title":{"rendered":"Un menor aprehendido por intentar de robar una motocicleta"},"content":{"rendered":"<p><!-- VideographyWP Plugin Message: Automatic video embedding prevented by plugin options. --><br \/>\nEste martes efectivos de la comisar\u00eda de nuestra ciudad debi\u00f3 hacerse presente en calle Belgrano y Liniers donde procedi\u00f3 aprehensi\u00f3n de masculino de 15 a\u00f1os, este quien instantes antes en una vereda de domicilio de calle Belgrano al 400 tras violentar traba de seguridad de motocicleta Gilera 110 cc de color blanca trat\u00f3 de sustraer la misma llev\u00e1ndola de tiro. <\/p>\n<p>Al ser advertidos por vecinos de la zona se dio conocimiento al 911 por lo que el r\u00e1pido accionar de los uniformados se logro la aprehensi\u00f3n y el trasladado seccional policial que luego de mantenida comunicaci\u00f3n con UFI Joven San Nicol\u00e1s dispone formaci\u00f3n de causa por el delito en menci\u00f3n posterior entrega a progenitores.<\/p>\n","protected":false},"excerpt":{"rendered":"<p>Este martes efectivos de la comisar\u00eda de nuestra ciudad debi\u00f3 hacerse presente en calle Belgrano y Liniers donde procedi\u00f3 aprehensi\u00f3n de masculino de 15 a\u00f1os, este quien instantes antes en una vereda de domicilio de calle Belgrano al 400 tras violentar traba de seguridad de motocicleta Gilera 110 cc de color blanca trat\u00f3 de sustraer [&hellip;]<\/p>\n","protected":false},"author":4,"featured_media":28921,"comment_status":"open","ping_status":"closed","sticky":false,"template":"","format":"standard","meta":{"om_disable_all_campaigns":false,"_jetpack_memberships_contains_paid_content":false,"footnotes":""},"categories":[2,103],"tags":[],"class_list":["post-32897","post","type-post","status-publish","format-standard","has-post-thumbnail","hentry","category-locales","category-policiales-locales"],"aioseo_notices":[],"gutentor_comment":0,"jetpack_featured_media_url":"https:\/\/eldiariodesanpedro.com.ar\/sitio\/wp-content\/uploads\/2018\/02\/robo-moto-1.jpg","jetpack_shortlink":"https:\/\/wp.me\/p6RhLt-8yB","jetpack_sharing_enabled":true,"_links":{"self":[{"href":"https:\/\/eldiariodesanpedro.com.ar\/sitio\/wp-json\/wp\/v2\/posts\/32897","targetHints":{"allow":["GET"]}}],"collection":[{"href":"https:\/\/eldiariodesanpedro.com.ar\/sitio\/wp-json\/wp\/v2\/posts"}],"about":[{"href":"https:\/\/eldiariodesanpedro.com.ar\/sitio\/wp-json\/wp\/v2\/types\/post"}],"author":[{"embeddable":true,"href":"https:\/\/eldiariodesanpedro.com.ar\/sitio\/wp-json\/wp\/v2\/users\/4"}],"replies":[{"embeddable":true,"href":"https:\/\/eldiariodesanpedro.com.ar\/sitio\/wp-json\/wp\/v2\/comments?post=32897"}],"version-history":[{"count":1,"href":"https:\/\/eldiariodesanpedro.com.ar\/sitio\/wp-json\/wp\/v2\/posts\/32897\/revisions"}],"predecessor-version":[{"id":32898,"href":"https:\/\/eldiariodesanpedro.com.ar\/sitio\/wp-json\/wp\/v2\/posts\/32897\/revisions\/32898"}],"wp:featuredmedia":[{"embeddable":true,"href":"https:\/\/eldiariodesanpedro.com.ar\/sitio\/wp-json\/wp\/v2\/media\/28921"}],"wp:attachment":[{"href":"https:\/\/eldiariodesanpedro.com.ar\/sitio\/wp-json\/wp\/v2\/media?parent=32897"}],"wp:term":[{"taxonomy":"category","embeddable":true,"href":"https:\/\/eldiariodesanpedro.com.ar\/sitio\/wp-json\/wp\/v2\/categories?post=32897"},{"taxonomy":"post_tag","embeddable":true,"href":"https:\/\/eldiariodesanpedro.com.ar\/sitio\/wp-json\/wp\/v2\/tags?post=32897"}],"curies":[{"name":"wp","href":"https:\/\/api.w.org\/{rel}","templated":true}]}}