{"id":32892,"date":"2018-05-09T14:34:35","date_gmt":"2018-05-09T17:34:35","guid":{"rendered":"https:\/\/eldiariodesanpedro.com.ar\/sitio\/?p=32892"},"modified":"2018-05-09T14:34:35","modified_gmt":"2018-05-09T17:34:35","slug":"escuelas-de-iniciacion-deportiva","status":"publish","type":"post","link":"https:\/\/eldiariodesanpedro.com.ar\/sitio\/escuelas-de-iniciacion-deportiva\/","title":{"rendered":"Escuelas de Iniciaci\u00f3n Deportiva"},"content":{"rendered":"<p><!-- VideographyWP Plugin Message: Automatic video embedding prevented by plugin options. --><br \/>\nLa Direcci\u00f3n de Deportes de la Municipalidad de San Pedro informa que la pr\u00f3xima semana comenzar\u00e1n las clases de las Escuelas de Iniciaci\u00f3n Deportiva, con lo cual se recuerda que se encuentra disponible la inscripci\u00f3n en la oficina de la Direcci\u00f3n de Deporte.<br \/>\nRecordamos que las Escuelas de Iniciaci\u00f3n Deportiva son coordinadas por la Secretar\u00eda de Deportes, Educaci\u00f3n F\u00edsica y Recreaci\u00f3n de la Naci\u00f3n, en conjunto con la Subsecretar\u00eda de Deportes de la Provincia de Buenos Aires y la Municipalidad de San Pedro. La finalidad de estas actividades es acercar alternativas de entretenimiento y formaci\u00f3n para los j\u00f3venes de San Pedro y las localidades con modalidades parecidas.<\/p>\n<p>Clase de Triatl\u00f3n: Prof. Dami\u00e1n Gallina.<br \/>\nLunes y jueves a las 18 hs. en el Estadio Municipal<\/p>\n<p>Clase de Handball: Prof. Federico Millet.<br \/>\nLunes y mi\u00e9rcoles 17.30 hs. en Villa Depietri<br \/>\nJueves 18.15 hs. en R\u00edo Tala, Playon Deportivo EP. 12 y EES. 9.<\/p>\n<p>Clase de Arquer\u00eda: Prof. Ariel Gahn.<br \/>\nLunes y jueves a las 18 hs. en el Tiro Federal Bigua.<\/p>\n<div data-carousel-extra='{&quot;blog_id&quot;:1,&quot;permalink&quot;:&quot;https:\/\/eldiariodesanpedro.com.ar\/sitio\/escuelas-de-iniciacion-deportiva\/&quot;}' id='gallery-1' class='gallery galleryid-32892 gallery-columns-3 gallery-size-medium'><figure class='gallery-item'>\n\t\t\t<div class='gallery-icon landscape'>\n\t\t\t\t<a href='https:\/\/eldiariodesanpedro.com.ar\/sitio\/wp-content\/uploads\/2018\/05\/Escuela-de-Arqueria_00000.png'><img decoding=\"async\" width=\"300\" height=\"300\" data-src=\"https:\/\/eldiariodesanpedro.com.ar\/sitio\/wp-content\/uploads\/2018\/05\/Escuela-de-Arqueria_00000-300x300.png\" class=\"attachment-medium size-medium lazyload\" alt=\"El Diario de San Pedro | Noticias locales y regionales\" data-srcset=\"https:\/\/eldiariodesanpedro.com.ar\/sitio\/wp-content\/uploads\/2018\/05\/Escuela-de-Arqueria_00000-300x300.png 300w, https:\/\/eldiariodesanpedro.com.ar\/sitio\/wp-content\/uploads\/2018\/05\/Escuela-de-Arqueria_00000-150x150.png 150w, https:\/\/eldiariodesanpedro.com.ar\/sitio\/wp-content\/uploads\/2018\/05\/Escuela-de-Arqueria_00000-768x768.png 768w, https:\/\/eldiariodesanpedro.com.ar\/sitio\/wp-content\/uploads\/2018\/05\/Escuela-de-Arqueria_00000.png 800w\" data-sizes=\"(max-width: 300px) 100vw, 300px\" data-attachment-id=\"32893\" data-permalink=\"https:\/\/eldiariodesanpedro.com.ar\/sitio\/escuelas-de-iniciacion-deportiva\/escuela-de-arqueria_00000\/\" data-orig-file=\"https:\/\/eldiariodesanpedro.com.ar\/sitio\/wp-content\/uploads\/2018\/05\/Escuela-de-Arqueria_00000.png\" data-orig-size=\"800,800\" data-comments-opened=\"1\" data-image-meta=\"{&quot;aperture&quot;:&quot;0&quot;,&quot;credit&quot;:&quot;&quot;,&quot;camera&quot;:&quot;&quot;,&quot;caption&quot;:&quot;&quot;,&quot;created_timestamp&quot;:&quot;0&quot;,&quot;copyright&quot;:&quot;&quot;,&quot;focal_length&quot;:&quot;0&quot;,&quot;iso&quot;:&quot;0&quot;,&quot;shutter_speed&quot;:&quot;0&quot;,&quot;title&quot;:&quot;&quot;,&quot;orientation&quot;:&quot;0&quot;}\" data-image-title=\"Escuela de Arqueria_00000\" data-image-description=\"\" data-image-caption=\"\" data-large-file=\"https:\/\/eldiariodesanpedro.com.ar\/sitio\/wp-content\/uploads\/2018\/05\/Escuela-de-Arqueria_00000.png\" src=\"data:image\/svg+xml;base64,PHN2ZyB3aWR0aD0iMSIgaGVpZ2h0PSIxIiB4bWxucz0iaHR0cDovL3d3dy53My5vcmcvMjAwMC9zdmciPjwvc3ZnPg==\" style=\"--smush-placeholder-width: 300px; --smush-placeholder-aspect-ratio: 300\/300;\" \/><\/a>\n\t\t\t<\/div><\/figure><figure class='gallery-item'>\n\t\t\t<div class='gallery-icon landscape'>\n\t\t\t\t<a href='https:\/\/eldiariodesanpedro.com.ar\/sitio\/wp-content\/uploads\/2018\/05\/handball.jpg'><img decoding=\"async\" width=\"300\" height=\"300\" data-src=\"https:\/\/eldiariodesanpedro.com.ar\/sitio\/wp-content\/uploads\/2018\/05\/handball-300x300.jpg\" class=\"attachment-medium size-medium lazyload\" alt=\"El Diario de San Pedro | Noticias locales y regionales\" data-srcset=\"https:\/\/eldiariodesanpedro.com.ar\/sitio\/wp-content\/uploads\/2018\/05\/handball-300x300.jpg 300w, https:\/\/eldiariodesanpedro.com.ar\/sitio\/wp-content\/uploads\/2018\/05\/handball-150x150.jpg 150w, https:\/\/eldiariodesanpedro.com.ar\/sitio\/wp-content\/uploads\/2018\/05\/handball-768x768.jpg 768w, https:\/\/eldiariodesanpedro.com.ar\/sitio\/wp-content\/uploads\/2018\/05\/handball.jpg 800w\" data-sizes=\"(max-width: 300px) 100vw, 300px\" data-attachment-id=\"32894\" data-permalink=\"https:\/\/eldiariodesanpedro.com.ar\/sitio\/escuelas-de-iniciacion-deportiva\/handball-7\/\" data-orig-file=\"https:\/\/eldiariodesanpedro.com.ar\/sitio\/wp-content\/uploads\/2018\/05\/handball.jpg\" data-orig-size=\"800,800\" data-comments-opened=\"1\" data-image-meta=\"{&quot;aperture&quot;:&quot;0&quot;,&quot;credit&quot;:&quot;&quot;,&quot;camera&quot;:&quot;&quot;,&quot;caption&quot;:&quot;&quot;,&quot;created_timestamp&quot;:&quot;0&quot;,&quot;copyright&quot;:&quot;&quot;,&quot;focal_length&quot;:&quot;0&quot;,&quot;iso&quot;:&quot;0&quot;,&quot;shutter_speed&quot;:&quot;0&quot;,&quot;title&quot;:&quot;&quot;,&quot;orientation&quot;:&quot;0&quot;}\" data-image-title=\"handball\" data-image-description=\"\" data-image-caption=\"\" data-large-file=\"https:\/\/eldiariodesanpedro.com.ar\/sitio\/wp-content\/uploads\/2018\/05\/handball.jpg\" src=\"data:image\/svg+xml;base64,PHN2ZyB3aWR0aD0iMSIgaGVpZ2h0PSIxIiB4bWxucz0iaHR0cDovL3d3dy53My5vcmcvMjAwMC9zdmciPjwvc3ZnPg==\" style=\"--smush-placeholder-width: 300px; --smush-placeholder-aspect-ratio: 300\/300;\" \/><\/a>\n\t\t\t<\/div><\/figure><figure class='gallery-item'>\n\t\t\t<div class='gallery-icon landscape'>\n\t\t\t\t<a href='https:\/\/eldiariodesanpedro.com.ar\/sitio\/wp-content\/uploads\/2018\/05\/Triatlon-Escuela_00000.png'><img decoding=\"async\" width=\"300\" height=\"300\" data-src=\"https:\/\/eldiariodesanpedro.com.ar\/sitio\/wp-content\/uploads\/2018\/05\/Triatlon-Escuela_00000-300x300.png\" class=\"attachment-medium size-medium lazyload\" alt=\"El Diario de San Pedro | Noticias locales y regionales\" data-srcset=\"https:\/\/eldiariodesanpedro.com.ar\/sitio\/wp-content\/uploads\/2018\/05\/Triatlon-Escuela_00000-300x300.png 300w, https:\/\/eldiariodesanpedro.com.ar\/sitio\/wp-content\/uploads\/2018\/05\/Triatlon-Escuela_00000-150x150.png 150w, https:\/\/eldiariodesanpedro.com.ar\/sitio\/wp-content\/uploads\/2018\/05\/Triatlon-Escuela_00000-768x768.png 768w, https:\/\/eldiariodesanpedro.com.ar\/sitio\/wp-content\/uploads\/2018\/05\/Triatlon-Escuela_00000.png 800w\" data-sizes=\"(max-width: 300px) 100vw, 300px\" data-attachment-id=\"32895\" data-permalink=\"https:\/\/eldiariodesanpedro.com.ar\/sitio\/escuelas-de-iniciacion-deportiva\/triatlon-escuela_00000\/\" data-orig-file=\"https:\/\/eldiariodesanpedro.com.ar\/sitio\/wp-content\/uploads\/2018\/05\/Triatlon-Escuela_00000.png\" data-orig-size=\"800,800\" data-comments-opened=\"1\" data-image-meta=\"{&quot;aperture&quot;:&quot;0&quot;,&quot;credit&quot;:&quot;&quot;,&quot;camera&quot;:&quot;&quot;,&quot;caption&quot;:&quot;&quot;,&quot;created_timestamp&quot;:&quot;0&quot;,&quot;copyright&quot;:&quot;&quot;,&quot;focal_length&quot;:&quot;0&quot;,&quot;iso&quot;:&quot;0&quot;,&quot;shutter_speed&quot;:&quot;0&quot;,&quot;title&quot;:&quot;&quot;,&quot;orientation&quot;:&quot;0&quot;}\" data-image-title=\"Triatlon Escuela_00000\" data-image-description=\"\" data-image-caption=\"\" data-large-file=\"https:\/\/eldiariodesanpedro.com.ar\/sitio\/wp-content\/uploads\/2018\/05\/Triatlon-Escuela_00000.png\" src=\"data:image\/svg+xml;base64,PHN2ZyB3aWR0aD0iMSIgaGVpZ2h0PSIxIiB4bWxucz0iaHR0cDovL3d3dy53My5vcmcvMjAwMC9zdmciPjwvc3ZnPg==\" style=\"--smush-placeholder-width: 300px; --smush-placeholder-aspect-ratio: 300\/300;\" \/><\/a>\n\t\t\t<\/div><\/figure>\n\t\t<\/div>\n\n","protected":false},"excerpt":{"rendered":"<p>La Direcci\u00f3n de Deportes de la Municipalidad de San Pedro informa que la pr\u00f3xima semana comenzar\u00e1n las clases de las Escuelas de Iniciaci\u00f3n Deportiva, con lo cual se recuerda que se encuentra disponible la inscripci\u00f3n en la oficina de la Direcci\u00f3n de Deporte. Recordamos que las Escuelas de Iniciaci\u00f3n Deportiva son coordinadas por la Secretar\u00eda [&hellip;]<\/p>\n","protected":false},"author":4,"featured_media":32895,"comment_status":"open","ping_status":"closed","sticky":false,"template":"","format":"standard","meta":{"om_disable_all_campaigns":false,"_jetpack_memberships_contains_paid_content":false,"footnotes":""},"categories":[101,2],"tags":[],"class_list":["post-32892","post","type-post","status-publish","format-standard","has-post-thumbnail","hentry","category-interes-general-locales","category-locales"],"aioseo_notices":[],"gutentor_comment":0,"jetpack_featured_media_url":"https:\/\/eldiariodesanpedro.com.ar\/sitio\/wp-content\/uploads\/2018\/05\/Triatlon-Escuela_00000.png","jetpack_shortlink":"https:\/\/wp.me\/p6RhLt-8yw","jetpack_sharing_enabled":true,"_links":{"self":[{"href":"https:\/\/eldiariodesanpedro.com.ar\/sitio\/wp-json\/wp\/v2\/posts\/32892","targetHints":{"allow":["GET"]}}],"collection":[{"href":"https:\/\/eldiariodesanpedro.com.ar\/sitio\/wp-json\/wp\/v2\/posts"}],"about":[{"href":"https:\/\/eldiariodesanpedro.com.ar\/sitio\/wp-json\/wp\/v2\/types\/post"}],"author":[{"embeddable":true,"href":"https:\/\/eldiariodesanpedro.com.ar\/sitio\/wp-json\/wp\/v2\/users\/4"}],"replies":[{"embeddable":true,"href":"https:\/\/eldiariodesanpedro.com.ar\/sitio\/wp-json\/wp\/v2\/comments?post=32892"}],"version-history":[{"count":1,"href":"https:\/\/eldiariodesanpedro.com.ar\/sitio\/wp-json\/wp\/v2\/posts\/32892\/revisions"}],"predecessor-version":[{"id":32896,"href":"https:\/\/eldiariodesanpedro.com.ar\/sitio\/wp-json\/wp\/v2\/posts\/32892\/revisions\/32896"}],"wp:featuredmedia":[{"embeddable":true,"href":"https:\/\/eldiariodesanpedro.com.ar\/sitio\/wp-json\/wp\/v2\/media\/32895"}],"wp:attachment":[{"href":"https:\/\/eldiariodesanpedro.com.ar\/sitio\/wp-json\/wp\/v2\/media?parent=32892"}],"wp:term":[{"taxonomy":"category","embeddable":true,"href":"https:\/\/eldiariodesanpedro.com.ar\/sitio\/wp-json\/wp\/v2\/categories?post=32892"},{"taxonomy":"post_tag","embeddable":true,"href":"https:\/\/eldiariodesanpedro.com.ar\/sitio\/wp-json\/wp\/v2\/tags?post=32892"}],"curies":[{"name":"wp","href":"https:\/\/api.w.org\/{rel}","templated":true}]}}