{"id":32863,"date":"2018-05-08T20:26:31","date_gmt":"2018-05-08T23:26:31","guid":{"rendered":"https:\/\/eldiariodesanpedro.com.ar\/sitio\/?p=32863"},"modified":"2026-01-24T00:13:42","modified_gmt":"2026-01-24T03:13:42","slug":"bochas-el-sub-15-de-san-pedro-campeon-provincial","status":"publish","type":"post","link":"https:\/\/eldiariodesanpedro.com.ar\/sitio\/bochas-el-sub-15-de-san-pedro-campeon-provincial\/","title":{"rendered":"BOCHAS El sub 15 de San Pedro Campe\u00f3n Provincial"},"content":{"rendered":"<p><!-- VideographyWP Plugin Message: Automatic video embedding prevented by plugin options. --><br \/>\n  Por primera vez en sus 47 a\u00f1os de vida de la ABSP, ha logrado su primer t\u00edtulo a nivel Provincial y quienes fueron art\u00edfices de esta haza\u00f1a, dimensionan el logro deportivo con el pasar de las horas, porque en el fragor de disputar el Campeonato, entre las idas y vueltas, jugar, trasladarse de club a club, ir a cenar, dormir temprano para descansar y al d\u00eda siguiente el mismo traj\u00edn, no se toma conciencia de lo que se est\u00e1 gestando. Y de pronto, a las 14:30 hs. del domingo 6, se encontraron con que disputaban la final de un Campeonato Provincial Categor\u00eda Sub.15 en la modalidad Parejas, en la ciudad de Pergamino (lo adelant\u00f3 en exclusiva la semana anterior este medio); y, que uno de los equipos que estar\u00e1 presente all\u00ed, es un equipo representativo de la Asociaci\u00f3n de Bochas de San Pedro, enfrentando a una de las Asociaciones con m\u00e1s laureles y logros deportivos que tiene hoy por hoy la Provincia de Buenos Aires, como lo es la Asociaci\u00f3n Bahiense de Bochas.<\/p>\n<p>  Para este Campeonato, la Asociaci\u00f3n de San Pedro deposit\u00f3 la confianza en los j\u00f3venes deportistas que le parecieron m\u00e1s aptos para competir en un Campeonato Provincial, ellos fueron: <\/p>\n<p>Germ\u00e1n Nicol\u00e1s Ledesma (Club de Bochas)<br \/>\nUlises Nahuel Far\u00edas (Club Sportivo Am\u00e9rica)<br \/>\nSantiago Gabriel Piriz (Club Atl\u00e9tico Huincal\u00f3)<\/p>\n<p>  Y fue designado para conducir al equipo y entrenarlos para llevarlos al Provincial, el dirigente del Club de Bochas Diego Ezequiel Francia.<\/p>\n<p><strong>La campa\u00f1a de San Pedro<\/strong><br \/>\n<em>En la Zona \u201cD\u201d<\/em><br \/>\n1er. Partido Libre Ganador<br \/>\n2do.Partido Venci\u00f3 a Pergamino 15 a 13 Tantos (Clasifico 1ro.en la Zona, Bah\u00eda Blanca 2do).<br \/>\nCuartos de final\u201d &#8211; Venci\u00f3 a San Nicol\u00e1s por 15 a 6.<br \/>\nSemifinales: Venci\u00f3 a Chacabuco por 15 a 7.<br \/>\nFinal: Venci\u00f3 a Bah\u00eda Blanca por 15 a 13.<\/p>\n<p>  La Asociaci\u00f3n de Bochas San Pedro, se ha ganado el derecho de seguir compitiendo en la Categor\u00eda Sub.15, ahora en el Campeonato Argentino de la especialidad, pero ya como representante de la Provincia de Buenos Aires. La cita ser\u00e1 en la ciudad de San Francisco (C\u00f3rdoba) donde se realizara del 6 al 9 de julio el Campeonato Argentino en las modalidades Combinado &#8211; Parejas y Tercetos y, por una disposici\u00f3n que rige desde la Confederaci\u00f3n Argentina de Bochas, quienes integrar\u00e1n  la Delegaci\u00f3n, ser\u00e1n los jugadores titulares de la final, es decir, Ledesma y Far\u00edas por San Pedro y los dos chicos de la Asociaci\u00f3n Bahiense de Bochas; el Director T\u00e9cnico ser\u00e1 nombrado por la Federaci\u00f3n de Bochas de la Provincia de Buenos Aires.<\/p>\n","protected":false},"excerpt":{"rendered":"<p>Por primera vez en sus 47 a\u00f1os de vida de la ABSP, ha logrado su primer t\u00edtulo a nivel Provincial y quienes fueron art\u00edfices de esta haza\u00f1a, dimensionan el logro deportivo con el pasar de las horas, porque en el fragor de disputar el Campeonato, entre las idas y vueltas, jugar, trasladarse de club a [&hellip;]<\/p>\n","protected":false},"author":4,"featured_media":32869,"comment_status":"open","ping_status":"closed","sticky":false,"template":"","format":"standard","meta":{"om_disable_all_campaigns":false,"_jetpack_memberships_contains_paid_content":false,"footnotes":""},"categories":[5],"tags":[],"class_list":["post-32863","post","type-post","status-publish","format-standard","has-post-thumbnail","hentry","category-deportes"],"aioseo_notices":[],"gutentor_comment":0,"jetpack_featured_media_url":"https:\/\/eldiariodesanpedro.com.ar\/sitio\/wp-content\/uploads\/2018\/05\/Los-flamantes-campeones-provinciales.jpg","jetpack_shortlink":"https:\/\/wp.me\/p6RhLt-8y3","jetpack_sharing_enabled":true,"_links":{"self":[{"href":"https:\/\/eldiariodesanpedro.com.ar\/sitio\/wp-json\/wp\/v2\/posts\/32863","targetHints":{"allow":["GET"]}}],"collection":[{"href":"https:\/\/eldiariodesanpedro.com.ar\/sitio\/wp-json\/wp\/v2\/posts"}],"about":[{"href":"https:\/\/eldiariodesanpedro.com.ar\/sitio\/wp-json\/wp\/v2\/types\/post"}],"author":[{"embeddable":true,"href":"https:\/\/eldiariodesanpedro.com.ar\/sitio\/wp-json\/wp\/v2\/users\/4"}],"replies":[{"embeddable":true,"href":"https:\/\/eldiariodesanpedro.com.ar\/sitio\/wp-json\/wp\/v2\/comments?post=32863"}],"version-history":[{"count":2,"href":"https:\/\/eldiariodesanpedro.com.ar\/sitio\/wp-json\/wp\/v2\/posts\/32863\/revisions"}],"predecessor-version":[{"id":32868,"href":"https:\/\/eldiariodesanpedro.com.ar\/sitio\/wp-json\/wp\/v2\/posts\/32863\/revisions\/32868"}],"wp:featuredmedia":[{"embeddable":true,"href":"https:\/\/eldiariodesanpedro.com.ar\/sitio\/wp-json\/wp\/v2\/media\/32869"}],"wp:attachment":[{"href":"https:\/\/eldiariodesanpedro.com.ar\/sitio\/wp-json\/wp\/v2\/media?parent=32863"}],"wp:term":[{"taxonomy":"category","embeddable":true,"href":"https:\/\/eldiariodesanpedro.com.ar\/sitio\/wp-json\/wp\/v2\/categories?post=32863"},{"taxonomy":"post_tag","embeddable":true,"href":"https:\/\/eldiariodesanpedro.com.ar\/sitio\/wp-json\/wp\/v2\/tags?post=32863"}],"curies":[{"name":"wp","href":"https:\/\/api.w.org\/{rel}","templated":true}]}}