{"id":32861,"date":"2018-05-08T20:25:49","date_gmt":"2018-05-08T23:25:49","guid":{"rendered":"https:\/\/eldiariodesanpedro.com.ar\/sitio\/?p=32861"},"modified":"2026-01-24T00:13:42","modified_gmt":"2026-01-24T03:13:42","slug":"karate-campeonato-nacional-en-el-gimnasio-del-estadio","status":"publish","type":"post","link":"https:\/\/eldiariodesanpedro.com.ar\/sitio\/karate-campeonato-nacional-en-el-gimnasio-del-estadio\/","title":{"rendered":"KARATE: Campeonato Nacional en el gimnasio del Estadio"},"content":{"rendered":"<p><!-- VideographyWP Plugin Message: Automatic video embedding prevented by plugin options. --><br \/>\n  San Pedro vuelve a recibir a las delegaciones de karate m\u00e1s destacadas del pa\u00eds en el Gimnasio del Estadio Municipal por el Campeonato Nacional Apertura. <\/p>\n<p>  La actividad est\u00e1 prevista para el domingo 13 de mayo con los combates de las diferentes especialidades y categor\u00edas. La ceremonia de apertura ser\u00e1 a las 9 de la ma\u00f1ana con la presencia de autoridades e invitados especiales y, sobre el final de la tarde, se realizar\u00e1 la premiaci\u00f3n. <\/p>\n<p>  El torneo servir\u00e1 tambi\u00e9n para poder lucir y presentar las mejoras del gimnasio realizadas en conjunto entre el Municipio y la Asociaci\u00f3n.<\/p>\n","protected":false},"excerpt":{"rendered":"<p>San Pedro vuelve a recibir a las delegaciones de karate m\u00e1s destacadas del pa\u00eds en el Gimnasio del Estadio Municipal por el Campeonato Nacional Apertura. La actividad est\u00e1 prevista para el domingo 13 de mayo con los combates de las diferentes especialidades y categor\u00edas. La ceremonia de apertura ser\u00e1 a las 9 de la ma\u00f1ana [&hellip;]<\/p>\n","protected":false},"author":4,"featured_media":32864,"comment_status":"open","ping_status":"closed","sticky":false,"template":"","format":"standard","meta":{"om_disable_all_campaigns":false,"_jetpack_memberships_contains_paid_content":false,"footnotes":""},"categories":[5],"tags":[],"class_list":["post-32861","post","type-post","status-publish","format-standard","has-post-thumbnail","hentry","category-deportes"],"aioseo_notices":[],"gutentor_comment":0,"jetpack_featured_media_url":"https:\/\/eldiariodesanpedro.com.ar\/sitio\/wp-content\/uploads\/2018\/05\/karate-promo-evento-nacional.jpg","jetpack_shortlink":"https:\/\/wp.me\/p6RhLt-8y1","jetpack_sharing_enabled":true,"_links":{"self":[{"href":"https:\/\/eldiariodesanpedro.com.ar\/sitio\/wp-json\/wp\/v2\/posts\/32861","targetHints":{"allow":["GET"]}}],"collection":[{"href":"https:\/\/eldiariodesanpedro.com.ar\/sitio\/wp-json\/wp\/v2\/posts"}],"about":[{"href":"https:\/\/eldiariodesanpedro.com.ar\/sitio\/wp-json\/wp\/v2\/types\/post"}],"author":[{"embeddable":true,"href":"https:\/\/eldiariodesanpedro.com.ar\/sitio\/wp-json\/wp\/v2\/users\/4"}],"replies":[{"embeddable":true,"href":"https:\/\/eldiariodesanpedro.com.ar\/sitio\/wp-json\/wp\/v2\/comments?post=32861"}],"version-history":[{"count":1,"href":"https:\/\/eldiariodesanpedro.com.ar\/sitio\/wp-json\/wp\/v2\/posts\/32861\/revisions"}],"predecessor-version":[{"id":32866,"href":"https:\/\/eldiariodesanpedro.com.ar\/sitio\/wp-json\/wp\/v2\/posts\/32861\/revisions\/32866"}],"wp:featuredmedia":[{"embeddable":true,"href":"https:\/\/eldiariodesanpedro.com.ar\/sitio\/wp-json\/wp\/v2\/media\/32864"}],"wp:attachment":[{"href":"https:\/\/eldiariodesanpedro.com.ar\/sitio\/wp-json\/wp\/v2\/media?parent=32861"}],"wp:term":[{"taxonomy":"category","embeddable":true,"href":"https:\/\/eldiariodesanpedro.com.ar\/sitio\/wp-json\/wp\/v2\/categories?post=32861"},{"taxonomy":"post_tag","embeddable":true,"href":"https:\/\/eldiariodesanpedro.com.ar\/sitio\/wp-json\/wp\/v2\/tags?post=32861"}],"curies":[{"name":"wp","href":"https:\/\/api.w.org\/{rel}","templated":true}]}}