{"id":32859,"date":"2018-05-08T20:30:16","date_gmt":"2018-05-08T23:30:16","guid":{"rendered":"https:\/\/eldiariodesanpedro.com.ar\/sitio\/?p=32859"},"modified":"2018-05-08T20:30:16","modified_gmt":"2018-05-08T23:30:16","slug":"los-sampedrinos-en-mas-de-un-80-no-estan-de-acuerdo-con-la-decision-del-presidente","status":"publish","type":"post","link":"https:\/\/eldiariodesanpedro.com.ar\/sitio\/los-sampedrinos-en-mas-de-un-80-no-estan-de-acuerdo-con-la-decision-del-presidente\/","title":{"rendered":"Los sampedrinos en mas de un 80% no est\u00e1n de acuerdo con la decisi\u00f3n del presidente"},"content":{"rendered":"<p><!-- VideographyWP Plugin Message: Automatic video embedding prevented by plugin options. --><br \/>\nA trav\u00e9s de un mensaje grabado, el mandatario realiz\u00f3 anuncios en materia econ\u00f3mica. \u00abDe manera preventiva, he decidido iniciar conversaciones con el FMI\u00bb, asegur\u00f3.<\/p>\n<p>M\u00e1s de 12 a\u00f1os despu\u00e9s de que se saldara la deuda con el FMI, la Argentina volver\u00e1 financiarse con un pr\u00e9stamo de ese organismo. El encargado del anuncio fue el presidente Mauricio Macri, quien grab\u00f3 y difundi\u00f3 un mensaje desde Casa Rosada en medio de la fuerte volatilidad del d\u00f3lar que hoy volvi\u00f3 a marcar un nuevo r\u00e9cord al tocar los $ 23,66.<\/p>\n<p>Por este anuncio de conocimiento p\u00fablico El Diario de San Pedro realiz\u00f3 una encuesta a trav\u00e9s de su pagina oficial de Facebook donde con mas de 400 votos realizados por usuarios de esta red hasta el cierre de la edici\u00f3n se mantuvo un porcentaje mayor al 80% de los ciudadanos de nuestra ciudad que no se encuentra de acuerdo con esta medida, lo que se supone el miedo a un endeudamiento con una de las organizaciones financieras internacionales con la que nuestro pa\u00eds a tenido malos recuerdos a lo largo de su historia.<\/p>\n<p><iframe style=\"border: none; overflow: hidden;\" data-src=\"https:\/\/www.facebook.com\/plugins\/post.php?href=https%3A%2F%2Fwww.facebook.com%2Feldiario.desanpedro%2Fposts%2F765585956983879&amp;width=500\" width=\"500\" height=\"308\" frameborder=\"0\" scrolling=\"no\" src=\"data:image\/svg+xml;base64,PHN2ZyB3aWR0aD0iMSIgaGVpZ2h0PSIxIiB4bWxucz0iaHR0cDovL3d3dy53My5vcmcvMjAwMC9zdmciPjwvc3ZnPg==\" class=\"lazyload\" data-load-mode=\"1\"><\/iframe><\/p>\n","protected":false},"excerpt":{"rendered":"<p>A trav\u00e9s de un mensaje grabado, el mandatario realiz\u00f3 anuncios en materia econ\u00f3mica. \u00abDe manera preventiva, he decidido iniciar conversaciones con el FMI\u00bb, asegur\u00f3. M\u00e1s de 12 a\u00f1os despu\u00e9s de que se saldara la deuda con el FMI, la Argentina volver\u00e1 financiarse con un pr\u00e9stamo de ese organismo. El encargado del anuncio fue el presidente [&hellip;]<\/p>\n","protected":false},"author":4,"featured_media":32862,"comment_status":"open","ping_status":"closed","sticky":false,"template":"","format":"standard","meta":{"om_disable_all_campaigns":false,"_jetpack_memberships_contains_paid_content":false,"footnotes":""},"categories":[101,2],"tags":[],"class_list":["post-32859","post","type-post","status-publish","format-standard","has-post-thumbnail","hentry","category-interes-general-locales","category-locales"],"aioseo_notices":[],"gutentor_comment":1,"jetpack_featured_media_url":"https:\/\/eldiariodesanpedro.com.ar\/sitio\/wp-content\/uploads\/2018\/05\/macri-fmi.jpg_57698320.jpg","jetpack_shortlink":"https:\/\/wp.me\/p6RhLt-8xZ","jetpack_sharing_enabled":true,"_links":{"self":[{"href":"https:\/\/eldiariodesanpedro.com.ar\/sitio\/wp-json\/wp\/v2\/posts\/32859","targetHints":{"allow":["GET"]}}],"collection":[{"href":"https:\/\/eldiariodesanpedro.com.ar\/sitio\/wp-json\/wp\/v2\/posts"}],"about":[{"href":"https:\/\/eldiariodesanpedro.com.ar\/sitio\/wp-json\/wp\/v2\/types\/post"}],"author":[{"embeddable":true,"href":"https:\/\/eldiariodesanpedro.com.ar\/sitio\/wp-json\/wp\/v2\/users\/4"}],"replies":[{"embeddable":true,"href":"https:\/\/eldiariodesanpedro.com.ar\/sitio\/wp-json\/wp\/v2\/comments?post=32859"}],"version-history":[{"count":1,"href":"https:\/\/eldiariodesanpedro.com.ar\/sitio\/wp-json\/wp\/v2\/posts\/32859\/revisions"}],"predecessor-version":[{"id":32871,"href":"https:\/\/eldiariodesanpedro.com.ar\/sitio\/wp-json\/wp\/v2\/posts\/32859\/revisions\/32871"}],"wp:featuredmedia":[{"embeddable":true,"href":"https:\/\/eldiariodesanpedro.com.ar\/sitio\/wp-json\/wp\/v2\/media\/32862"}],"wp:attachment":[{"href":"https:\/\/eldiariodesanpedro.com.ar\/sitio\/wp-json\/wp\/v2\/media?parent=32859"}],"wp:term":[{"taxonomy":"category","embeddable":true,"href":"https:\/\/eldiariodesanpedro.com.ar\/sitio\/wp-json\/wp\/v2\/categories?post=32859"},{"taxonomy":"post_tag","embeddable":true,"href":"https:\/\/eldiariodesanpedro.com.ar\/sitio\/wp-json\/wp\/v2\/tags?post=32859"}],"curies":[{"name":"wp","href":"https:\/\/api.w.org\/{rel}","templated":true}]}}