{"id":32856,"date":"2018-05-08T20:17:43","date_gmt":"2018-05-08T23:17:43","guid":{"rendered":"https:\/\/eldiariodesanpedro.com.ar\/sitio\/?p=32856"},"modified":"2018-05-08T20:17:43","modified_gmt":"2018-05-08T23:17:43","slug":"escobar-empieza-el-juicio-contra-un-remisero-por-un-cargamento-de-extasis","status":"publish","type":"post","link":"https:\/\/eldiariodesanpedro.com.ar\/sitio\/escobar-empieza-el-juicio-contra-un-remisero-por-un-cargamento-de-extasis\/","title":{"rendered":"ESCOBAR: Empieza el juicio contra un remisero por un cargamento de \u00e9xtasis"},"content":{"rendered":"<p><!-- VideographyWP Plugin Message: Automatic video embedding prevented by plugin options. --><br \/>\nFue detenido en junio de 2016 en la Aduana de Paran\u00e1, cuando intentaba pasar 33 mil pastillas en una encomienda. Hay otras dos personas imputadas.<\/p>\n<p>  A casi dos a\u00f1os del resonante secuestro de 33 mil pastillas de \u00e9xtasis en la Aduana de Paran\u00e1, este lunes comenz\u00f3 a desarrollarse en la capital entrerriana el juicio oral contra la presunta banda de narcotraficantes integrada por un remisero escobarense de 60 a\u00f1os.<\/p>\n<p>  Se trata de Juan Carlos Grilli, quien el 14 de junio de 2016 fue detenido por efectivos de Prefectura Naval mientras intentaba salir del puerto paranaense con una encomienda proveniente de Alemania. En teor\u00eda, se trataban de colchones inflables, pero los agentes aduaneros notaron que los dos paquetes eran demasiado pesados y al abrirlo confirmaron su peor sospecha: conten\u00edan 33.012 pastillas de \u00e9xtasis, cuya valuaci\u00f3n rondaba los 13 millones de pesos.<\/p>\n<p>  De inmediato, Grilli fue trasladado a la Unidad Penal N\u00b01 de Entre R\u00edos y se abri\u00f3 una investigaci\u00f3n que determin\u00f3 que el escobarense era miembro de una organizaci\u00f3n delictiva dedicada al narcotr\u00e1fico. Su rol era operar para ingresar la droga por la Aduana de Paran\u00e1, ya que el puerto de Buenos Aires hab\u00eda empezado a extremar sus controles tras la tragedia de Time Warp, el festival de m\u00fasica electr\u00f3nica en el que cinco j\u00f3venes murieron por el consumo de \u00e9xtasis. Pero el plan fall\u00f3 y a su vez complic\u00f3 a otros m\u00e1s.<\/p>\n<p>  Un mes despu\u00e9s, fue detenida en su casa del barrio El Morro de Paran\u00e1 una mujer identificada como Silvia Estela \u00c1valos (47), a quien le hab\u00eda llegado al mismo lugar una encomienda de similares caracter\u00edsticas. En este caso, se trataba de un bulto con 34.187 pastillas de \u00e9xtasis, las cuales, obviamente, no fue a retirar para no correr con la misma suerte que el remisero escobarense. Igual cay\u00f3 y se concluy\u00f3 que \u00c1valos habr\u00eda oficiado de nexo local, as\u00ed como en otros puntos del pa\u00eds.<\/p>\n<p>  Por \u00faltimo, las conexiones llevaron las pesquisas hasta el barrio porte\u00f1o de San Telmo, donde por orden del juez federal Leandro R\u00edos se detuvo a un joven oriundo de Republica Dominicana, radicado en el pa\u00eds desde hac\u00eda algunos a\u00f1os, acusado de recibir y vender en esa zona las drogas sint\u00e9ticas que llegaban al puerto de Paran\u00e1. De hecho, a \u201cBrian\u201d Gim\u00e9nez S\u00e1nchez se le secuestraron cien pastillas de \u00e9xtasis, alrededor de 150 gramos de coca\u00edna y cinco mil d\u00f3lares en efectivo en la pieza del hostel donde moraba.<\/p>\n<p>  Por todo esto, a partir de este lunes el remisero escobarense y los otros dos imputados por narcotr\u00e1fico se sentar\u00e1n en el banquillo ante el Tribunal Oral Federal de Paran\u00e1 integrado por Noem\u00ed Berros (presidenta), Lilia Carnero y Roberto L\u00f3pez Arango.<\/p>\n<p>  En tanto, la acusaci\u00f3n p\u00fablica est\u00e1 a cargo del Fiscal general Jos\u00e9 Ignacio Candioti, quien aportar\u00e1 al juicio m\u00e1s de veinte testigos, entre ellos los empleados de la Aduana que descubrieron las drogas sint\u00e9ticas en dos encomiendas del Correo Argentino.<\/p>\n<p>Fuente: El Diario de Escobar<\/p>\n","protected":false},"excerpt":{"rendered":"<p>Fue detenido en junio de 2016 en la Aduana de Paran\u00e1, cuando intentaba pasar 33 mil pastillas en una encomienda. Hay otras dos personas imputadas. A casi dos a\u00f1os del resonante secuestro de 33 mil pastillas de \u00e9xtasis en la Aduana de Paran\u00e1, este lunes comenz\u00f3 a desarrollarse en la capital entrerriana el juicio oral [&hellip;]<\/p>\n","protected":false},"author":4,"featured_media":32858,"comment_status":"open","ping_status":"closed","sticky":false,"template":"","format":"standard","meta":{"om_disable_all_campaigns":false,"_jetpack_memberships_contains_paid_content":false,"footnotes":""},"categories":[621],"tags":[],"class_list":["post-32856","post","type-post","status-publish","format-standard","has-post-thumbnail","hentry","category-regionales"],"aioseo_notices":[],"gutentor_comment":0,"jetpack_featured_media_url":"https:\/\/eldiariodesanpedro.com.ar\/sitio\/wp-content\/uploads\/2018\/05\/cargamento-de-\u00e9xtasis.jpg","jetpack_shortlink":"https:\/\/wp.me\/p6RhLt-8xW","jetpack_sharing_enabled":true,"_links":{"self":[{"href":"https:\/\/eldiariodesanpedro.com.ar\/sitio\/wp-json\/wp\/v2\/posts\/32856","targetHints":{"allow":["GET"]}}],"collection":[{"href":"https:\/\/eldiariodesanpedro.com.ar\/sitio\/wp-json\/wp\/v2\/posts"}],"about":[{"href":"https:\/\/eldiariodesanpedro.com.ar\/sitio\/wp-json\/wp\/v2\/types\/post"}],"author":[{"embeddable":true,"href":"https:\/\/eldiariodesanpedro.com.ar\/sitio\/wp-json\/wp\/v2\/users\/4"}],"replies":[{"embeddable":true,"href":"https:\/\/eldiariodesanpedro.com.ar\/sitio\/wp-json\/wp\/v2\/comments?post=32856"}],"version-history":[{"count":1,"href":"https:\/\/eldiariodesanpedro.com.ar\/sitio\/wp-json\/wp\/v2\/posts\/32856\/revisions"}],"predecessor-version":[{"id":32860,"href":"https:\/\/eldiariodesanpedro.com.ar\/sitio\/wp-json\/wp\/v2\/posts\/32856\/revisions\/32860"}],"wp:featuredmedia":[{"embeddable":true,"href":"https:\/\/eldiariodesanpedro.com.ar\/sitio\/wp-json\/wp\/v2\/media\/32858"}],"wp:attachment":[{"href":"https:\/\/eldiariodesanpedro.com.ar\/sitio\/wp-json\/wp\/v2\/media?parent=32856"}],"wp:term":[{"taxonomy":"category","embeddable":true,"href":"https:\/\/eldiariodesanpedro.com.ar\/sitio\/wp-json\/wp\/v2\/categories?post=32856"},{"taxonomy":"post_tag","embeddable":true,"href":"https:\/\/eldiariodesanpedro.com.ar\/sitio\/wp-json\/wp\/v2\/tags?post=32856"}],"curies":[{"name":"wp","href":"https:\/\/api.w.org\/{rel}","templated":true}]}}