{"id":32853,"date":"2018-05-08T20:16:20","date_gmt":"2018-05-08T23:16:20","guid":{"rendered":"https:\/\/eldiariodesanpedro.com.ar\/sitio\/?p=32853"},"modified":"2018-05-08T20:16:20","modified_gmt":"2018-05-08T23:16:20","slug":"san-nicolas-aprehendieron-al-conductor-que-se-dio-a-la-fuga-y-no-auxilio-al-motociclista-fallecido-el-sabado","status":"publish","type":"post","link":"https:\/\/eldiariodesanpedro.com.ar\/sitio\/san-nicolas-aprehendieron-al-conductor-que-se-dio-a-la-fuga-y-no-auxilio-al-motociclista-fallecido-el-sabado\/","title":{"rendered":"SAN NICOL\u00c1S: Aprehendieron al conductor que se dio a la fuga y no auxili\u00f3 al motociclista fallecido el s\u00e1bado"},"content":{"rendered":"<p><!-- VideographyWP Plugin Message: Automatic video embedding prevented by plugin options. --><br \/>\nFue aprehendido y se procedi\u00f3 al secuestro del veh\u00edculo que presentaba abolladuras en el guardabarros delantero.<\/p>\n<p>  Un joven de 21 a\u00f1os qued\u00f3 tendido en el asfalto luego de haber sigo embestido por una camioneta Renault Kangoo blanca que se dio a la fuga. Horas despu\u00e9s, Lucas Crisman falleci\u00f3 en el Hospital San Felipe.<\/p>\n<p>  El hecho ocurri\u00f3 el s\u00e1bado a la madrugada, alrededor de las 5:30, en inmediaciones de calle Ponce de Le\u00f3n y Alvear.<\/p>\n<p>  Tras tareas investigativas lograron dar con el paradero del conductor de la camioneta. Se trata de un hombre de 45 a\u00f1os de barrio IVBA. Fue aprehendido y se procedi\u00f3 al secuestro del veh\u00edculo que presentaba abolladuras en el guarda barro delantero.<\/p>\n<p>  Se le labraron actuaciones por Homicidio Culposo Agravado.<\/p>\n<p>Fuente: Diario El Informante<\/p>\n","protected":false},"excerpt":{"rendered":"<p>Fue aprehendido y se procedi\u00f3 al secuestro del veh\u00edculo que presentaba abolladuras en el guardabarros delantero. Un joven de 21 a\u00f1os qued\u00f3 tendido en el asfalto luego de haber sigo embestido por una camioneta Renault Kangoo blanca que se dio a la fuga. Horas despu\u00e9s, Lucas Crisman falleci\u00f3 en el Hospital San Felipe. El hecho [&hellip;]<\/p>\n","protected":false},"author":4,"featured_media":32855,"comment_status":"open","ping_status":"closed","sticky":false,"template":"","format":"standard","meta":{"om_disable_all_campaigns":false,"_jetpack_memberships_contains_paid_content":false,"footnotes":""},"categories":[621],"tags":[],"class_list":["post-32853","post","type-post","status-publish","format-standard","has-post-thumbnail","hentry","category-regionales"],"aioseo_notices":[],"gutentor_comment":0,"jetpack_featured_media_url":"https:\/\/eldiariodesanpedro.com.ar\/sitio\/wp-content\/uploads\/2018\/05\/Aprehendieron-al-conductor-que-se-dio-a-la-fuga.jpg","jetpack_shortlink":"https:\/\/wp.me\/p6RhLt-8xT","jetpack_sharing_enabled":true,"_links":{"self":[{"href":"https:\/\/eldiariodesanpedro.com.ar\/sitio\/wp-json\/wp\/v2\/posts\/32853","targetHints":{"allow":["GET"]}}],"collection":[{"href":"https:\/\/eldiariodesanpedro.com.ar\/sitio\/wp-json\/wp\/v2\/posts"}],"about":[{"href":"https:\/\/eldiariodesanpedro.com.ar\/sitio\/wp-json\/wp\/v2\/types\/post"}],"author":[{"embeddable":true,"href":"https:\/\/eldiariodesanpedro.com.ar\/sitio\/wp-json\/wp\/v2\/users\/4"}],"replies":[{"embeddable":true,"href":"https:\/\/eldiariodesanpedro.com.ar\/sitio\/wp-json\/wp\/v2\/comments?post=32853"}],"version-history":[{"count":1,"href":"https:\/\/eldiariodesanpedro.com.ar\/sitio\/wp-json\/wp\/v2\/posts\/32853\/revisions"}],"predecessor-version":[{"id":32857,"href":"https:\/\/eldiariodesanpedro.com.ar\/sitio\/wp-json\/wp\/v2\/posts\/32853\/revisions\/32857"}],"wp:featuredmedia":[{"embeddable":true,"href":"https:\/\/eldiariodesanpedro.com.ar\/sitio\/wp-json\/wp\/v2\/media\/32855"}],"wp:attachment":[{"href":"https:\/\/eldiariodesanpedro.com.ar\/sitio\/wp-json\/wp\/v2\/media?parent=32853"}],"wp:term":[{"taxonomy":"category","embeddable":true,"href":"https:\/\/eldiariodesanpedro.com.ar\/sitio\/wp-json\/wp\/v2\/categories?post=32853"},{"taxonomy":"post_tag","embeddable":true,"href":"https:\/\/eldiariodesanpedro.com.ar\/sitio\/wp-json\/wp\/v2\/tags?post=32853"}],"curies":[{"name":"wp","href":"https:\/\/api.w.org\/{rel}","templated":true}]}}