{"id":32847,"date":"2018-05-08T20:13:35","date_gmt":"2018-05-08T23:13:35","guid":{"rendered":"https:\/\/eldiariodesanpedro.com.ar\/sitio\/?p=32847"},"modified":"2018-05-08T20:13:35","modified_gmt":"2018-05-08T23:13:35","slug":"ramallo-proponen-eximir-del-pago-de-la-tasa-de-alumbrado-publico-a-beneficiarios-de-la-tarifa-social","status":"publish","type":"post","link":"https:\/\/eldiariodesanpedro.com.ar\/sitio\/ramallo-proponen-eximir-del-pago-de-la-tasa-de-alumbrado-publico-a-beneficiarios-de-la-tarifa-social\/","title":{"rendered":"RAMALLO: Proponen eximir del pago de la tasa de alumbrado p\u00fablico a beneficiarios de la tarifa social"},"content":{"rendered":"<p><!-- VideographyWP Plugin Message: Automatic video embedding prevented by plugin options. --><br \/>\n  El concejal Roberto Borselli present\u00f3 un proyecto de ordenanza para eximir del pago de la tasa de alumbrado p\u00fablico a los usuarios beneficiarios de la tarifa social, iniciativa que podr\u00eda aprobarse este jueves 3 de mayo.<\/p>\n<p>  \u201cLa idea es que aquellos beneficiarios de la tarifa social puedan tener la quita de la tasa de alumbrado p\u00fablico hasta que dura la emergencia tarifaria votada por unanimidad en el Concejo Deliberante\u201d, afirmo el edil.<\/p>\n<p>Actualmente hay m\u00e1s 2600 usuarios que accedieron al beneficio de la tarifa social en la boleta de la luz.<\/p>\n<p>  Seg\u00fan explico Borselli, \u201ceste es el \u00fanico impuesto municipal que tiene la boleta de luz, y viene en consonancia con lo que hizo el gobierno provincial de quitar impuestos que reducir\u00eda en un 15 % la factura\u201d.<\/p>\n<p>  El Concejo Deliberante ya hab\u00eda aprobado por unanimidad la emergencia tarifaria durante el lapso de un a\u00f1o.<\/p>\n<p>  \u201cQueremos acompa\u00f1ar al departamento ejecutivo municipal en la gesti\u00f3n de los mecanismos legales para garantizar el acceso a los servicios p\u00fablicos en todo el distrito\u201d, cerr\u00f3 el edil.<\/p>\n<p>Fuente: Ramallo Ciudad<\/p>\n","protected":false},"excerpt":{"rendered":"<p>El concejal Roberto Borselli present\u00f3 un proyecto de ordenanza para eximir del pago de la tasa de alumbrado p\u00fablico a los usuarios beneficiarios de la tarifa social, iniciativa que podr\u00eda aprobarse este jueves 3 de mayo. \u201cLa idea es que aquellos beneficiarios de la tarifa social puedan tener la quita de la tasa de alumbrado [&hellip;]<\/p>\n","protected":false},"author":4,"featured_media":32851,"comment_status":"open","ping_status":"closed","sticky":false,"template":"","format":"standard","meta":{"om_disable_all_campaigns":false,"_jetpack_memberships_contains_paid_content":false,"footnotes":""},"categories":[621],"tags":[],"class_list":["post-32847","post","type-post","status-publish","format-standard","has-post-thumbnail","hentry","category-regionales"],"aioseo_notices":[],"gutentor_comment":0,"jetpack_featured_media_url":"https:\/\/eldiariodesanpedro.com.ar\/sitio\/wp-content\/uploads\/2018\/05\/alumbrado-publico.jpg","jetpack_shortlink":"https:\/\/wp.me\/p6RhLt-8xN","jetpack_sharing_enabled":true,"_links":{"self":[{"href":"https:\/\/eldiariodesanpedro.com.ar\/sitio\/wp-json\/wp\/v2\/posts\/32847","targetHints":{"allow":["GET"]}}],"collection":[{"href":"https:\/\/eldiariodesanpedro.com.ar\/sitio\/wp-json\/wp\/v2\/posts"}],"about":[{"href":"https:\/\/eldiariodesanpedro.com.ar\/sitio\/wp-json\/wp\/v2\/types\/post"}],"author":[{"embeddable":true,"href":"https:\/\/eldiariodesanpedro.com.ar\/sitio\/wp-json\/wp\/v2\/users\/4"}],"replies":[{"embeddable":true,"href":"https:\/\/eldiariodesanpedro.com.ar\/sitio\/wp-json\/wp\/v2\/comments?post=32847"}],"version-history":[{"count":1,"href":"https:\/\/eldiariodesanpedro.com.ar\/sitio\/wp-json\/wp\/v2\/posts\/32847\/revisions"}],"predecessor-version":[{"id":32854,"href":"https:\/\/eldiariodesanpedro.com.ar\/sitio\/wp-json\/wp\/v2\/posts\/32847\/revisions\/32854"}],"wp:featuredmedia":[{"embeddable":true,"href":"https:\/\/eldiariodesanpedro.com.ar\/sitio\/wp-json\/wp\/v2\/media\/32851"}],"wp:attachment":[{"href":"https:\/\/eldiariodesanpedro.com.ar\/sitio\/wp-json\/wp\/v2\/media?parent=32847"}],"wp:term":[{"taxonomy":"category","embeddable":true,"href":"https:\/\/eldiariodesanpedro.com.ar\/sitio\/wp-json\/wp\/v2\/categories?post=32847"},{"taxonomy":"post_tag","embeddable":true,"href":"https:\/\/eldiariodesanpedro.com.ar\/sitio\/wp-json\/wp\/v2\/tags?post=32847"}],"curies":[{"name":"wp","href":"https:\/\/api.w.org\/{rel}","templated":true}]}}