{"id":32844,"date":"2018-05-08T20:12:11","date_gmt":"2018-05-08T23:12:11","guid":{"rendered":"https:\/\/eldiariodesanpedro.com.ar\/sitio\/?p=32844"},"modified":"2018-05-08T20:12:11","modified_gmt":"2018-05-08T23:12:11","slug":"zarate-jubilados-y-pensionados-ahora-podran-elegir-cuando-pagar-la-factura-de-luz","status":"publish","type":"post","link":"https:\/\/eldiariodesanpedro.com.ar\/sitio\/zarate-jubilados-y-pensionados-ahora-podran-elegir-cuando-pagar-la-factura-de-luz\/","title":{"rendered":"Z\u00c1RATE: Jubilados y pensionados ahora podr\u00e1n elegir cu\u00e1ndo pagar la factura de luz"},"content":{"rendered":"<p><!-- VideographyWP Plugin Message: Automatic video embedding prevented by plugin options. --><br \/>\n  EDEN informa que a partir de mayo los jubilados y pensionados titulares del servicio el\u00e9ctrico residenciales, tendr\u00e1n la opci\u00f3n de elegir el d\u00eda de vencimiento de la factura seg\u00fan sea la fecha del cobro de sus haberes.<\/p>\n<p>  El nuevo vencimiento entra en vigencia a partir de la primera factura que se emita desde la solicitud del cambio de vencimiento. El cambio de fecha puede realizarse a trav\u00e9s del Centro de Atenci\u00f3n Telef\u00f3nica, 0810 999 3336, de lunes a viernes de 8 a 18 hs.<\/p>\n<p>  EDEN trabaja comprometida con las comunidades, generando iniciativas para fortalecer d\u00eda a d\u00eda la experiencia de sus usuarios.<\/p>\n","protected":false},"excerpt":{"rendered":"<p>EDEN informa que a partir de mayo los jubilados y pensionados titulares del servicio el\u00e9ctrico residenciales, tendr\u00e1n la opci\u00f3n de elegir el d\u00eda de vencimiento de la factura seg\u00fan sea la fecha del cobro de sus haberes. El nuevo vencimiento entra en vigencia a partir de la primera factura que se emita desde la solicitud [&hellip;]<\/p>\n","protected":false},"author":4,"featured_media":32846,"comment_status":"open","ping_status":"closed","sticky":false,"template":"","format":"standard","meta":{"om_disable_all_campaigns":false,"_jetpack_memberships_contains_paid_content":false,"footnotes":""},"categories":[621],"tags":[],"class_list":["post-32844","post","type-post","status-publish","format-standard","has-post-thumbnail","hentry","category-regionales"],"aioseo_notices":[],"gutentor_comment":0,"jetpack_featured_media_url":"https:\/\/eldiariodesanpedro.com.ar\/sitio\/wp-content\/uploads\/2018\/05\/EDEN.jpg","jetpack_shortlink":"https:\/\/wp.me\/p6RhLt-8xK","jetpack_sharing_enabled":true,"_links":{"self":[{"href":"https:\/\/eldiariodesanpedro.com.ar\/sitio\/wp-json\/wp\/v2\/posts\/32844","targetHints":{"allow":["GET"]}}],"collection":[{"href":"https:\/\/eldiariodesanpedro.com.ar\/sitio\/wp-json\/wp\/v2\/posts"}],"about":[{"href":"https:\/\/eldiariodesanpedro.com.ar\/sitio\/wp-json\/wp\/v2\/types\/post"}],"author":[{"embeddable":true,"href":"https:\/\/eldiariodesanpedro.com.ar\/sitio\/wp-json\/wp\/v2\/users\/4"}],"replies":[{"embeddable":true,"href":"https:\/\/eldiariodesanpedro.com.ar\/sitio\/wp-json\/wp\/v2\/comments?post=32844"}],"version-history":[{"count":1,"href":"https:\/\/eldiariodesanpedro.com.ar\/sitio\/wp-json\/wp\/v2\/posts\/32844\/revisions"}],"predecessor-version":[{"id":32849,"href":"https:\/\/eldiariodesanpedro.com.ar\/sitio\/wp-json\/wp\/v2\/posts\/32844\/revisions\/32849"}],"wp:featuredmedia":[{"embeddable":true,"href":"https:\/\/eldiariodesanpedro.com.ar\/sitio\/wp-json\/wp\/v2\/media\/32846"}],"wp:attachment":[{"href":"https:\/\/eldiariodesanpedro.com.ar\/sitio\/wp-json\/wp\/v2\/media?parent=32844"}],"wp:term":[{"taxonomy":"category","embeddable":true,"href":"https:\/\/eldiariodesanpedro.com.ar\/sitio\/wp-json\/wp\/v2\/categories?post=32844"},{"taxonomy":"post_tag","embeddable":true,"href":"https:\/\/eldiariodesanpedro.com.ar\/sitio\/wp-json\/wp\/v2\/tags?post=32844"}],"curies":[{"name":"wp","href":"https:\/\/api.w.org\/{rel}","templated":true}]}}