{"id":32841,"date":"2018-05-08T20:09:54","date_gmt":"2018-05-08T23:09:54","guid":{"rendered":"https:\/\/eldiariodesanpedro.com.ar\/sitio\/?p=32841"},"modified":"2018-05-08T20:09:54","modified_gmt":"2018-05-08T23:09:54","slug":"campana-educando-en-la-desidia","status":"publish","type":"post","link":"https:\/\/eldiariodesanpedro.com.ar\/sitio\/campana-educando-en-la-desidia\/","title":{"rendered":"CAMPANA: Educando en la desidia"},"content":{"rendered":"<p><!-- VideographyWP Plugin Message: Automatic video embedding prevented by plugin options. --><br \/>\n  La situaci\u00f3n en los edificios educativos de la Provincia de Buenos Aires es dram\u00e1tica, no es ning\u00fan hallazgo, basta con una recorrida por algunas escuelas de la regi\u00f3n y encontraremos m\u00e1s de un ejemplo. Construcciones que necesitan mantenimiento, falta de mobiliario y docentes y alumnos que hacen lo que pueden, en escenarios que de pronto no tienen la m\u00ednima capacidad de confort para estudiar. Y hablando de ejemplos, desde hace varios d\u00edas en la Secundaria N\u00ba 9 del barrio Cementerio de Z\u00e1rate, las clases se dictan sin luz el\u00e9ctrica\u2026<\/p>\n<p>  El tema comenz\u00f3 hace una semana, cuando algunos tubos fluorescentes de algunas aulas dejaron de funcionar y otros comenzaron a titilar, el problema se profundiz\u00f3 el jueves y el viernes, porque la misma situaci\u00f3n se repiti\u00f3 en otros salones y en los pasillos.<\/p>\n<p>  Seg\u00fan las fuentes consultadas, se dio aviso al Consejo Escolar, pero no hubo ninguna respuesta.<\/p>\n<p>  La semana comenz\u00f3 de la misma manera y a eso hay que sumarle el mal tiempo que nuevamente azota la zona.<\/p>\n<p>  Por la ma\u00f1ana de este martes, un electricista visitar\u00eda el establecimiento para solucionar el problem\u00e1tico panorama, pero cerca del mediod\u00eda a\u00fan no hab\u00eda arribado. Mientras tanto, docentes y estudiantes trataban de cumplir con sus tareas\u2026 ense\u00f1ar y aprender, pero casi en tinieblas.<\/p>\n<p>  \u201cCuando la calidad educativa se traduce en desidia\u201d, rese\u00f1aba una docente con mucha impotencia.<\/p>\n<p>Fuente: Enlace Cr\u00edtico<\/p>\n","protected":false},"excerpt":{"rendered":"<p>La situaci\u00f3n en los edificios educativos de la Provincia de Buenos Aires es dram\u00e1tica, no es ning\u00fan hallazgo, basta con una recorrida por algunas escuelas de la regi\u00f3n y encontraremos m\u00e1s de un ejemplo. Construcciones que necesitan mantenimiento, falta de mobiliario y docentes y alumnos que hacen lo que pueden, en escenarios que de pronto [&hellip;]<\/p>\n","protected":false},"author":4,"featured_media":32842,"comment_status":"open","ping_status":"closed","sticky":false,"template":"","format":"standard","meta":{"om_disable_all_campaigns":false,"_jetpack_memberships_contains_paid_content":false,"footnotes":""},"categories":[621],"tags":[],"class_list":["post-32841","post","type-post","status-publish","format-standard","has-post-thumbnail","hentry","category-regionales"],"aioseo_notices":[],"gutentor_comment":0,"jetpack_featured_media_url":"https:\/\/eldiariodesanpedro.com.ar\/sitio\/wp-content\/uploads\/2018\/05\/Precaria-situaci\u00f3n-edilicia-de-establecimientos-educativos.jpg","jetpack_shortlink":"https:\/\/wp.me\/p6RhLt-8xH","jetpack_sharing_enabled":true,"_links":{"self":[{"href":"https:\/\/eldiariodesanpedro.com.ar\/sitio\/wp-json\/wp\/v2\/posts\/32841","targetHints":{"allow":["GET"]}}],"collection":[{"href":"https:\/\/eldiariodesanpedro.com.ar\/sitio\/wp-json\/wp\/v2\/posts"}],"about":[{"href":"https:\/\/eldiariodesanpedro.com.ar\/sitio\/wp-json\/wp\/v2\/types\/post"}],"author":[{"embeddable":true,"href":"https:\/\/eldiariodesanpedro.com.ar\/sitio\/wp-json\/wp\/v2\/users\/4"}],"replies":[{"embeddable":true,"href":"https:\/\/eldiariodesanpedro.com.ar\/sitio\/wp-json\/wp\/v2\/comments?post=32841"}],"version-history":[{"count":1,"href":"https:\/\/eldiariodesanpedro.com.ar\/sitio\/wp-json\/wp\/v2\/posts\/32841\/revisions"}],"predecessor-version":[{"id":32845,"href":"https:\/\/eldiariodesanpedro.com.ar\/sitio\/wp-json\/wp\/v2\/posts\/32841\/revisions\/32845"}],"wp:featuredmedia":[{"embeddable":true,"href":"https:\/\/eldiariodesanpedro.com.ar\/sitio\/wp-json\/wp\/v2\/media\/32842"}],"wp:attachment":[{"href":"https:\/\/eldiariodesanpedro.com.ar\/sitio\/wp-json\/wp\/v2\/media?parent=32841"}],"wp:term":[{"taxonomy":"category","embeddable":true,"href":"https:\/\/eldiariodesanpedro.com.ar\/sitio\/wp-json\/wp\/v2\/categories?post=32841"},{"taxonomy":"post_tag","embeddable":true,"href":"https:\/\/eldiariodesanpedro.com.ar\/sitio\/wp-json\/wp\/v2\/tags?post=32841"}],"curies":[{"name":"wp","href":"https:\/\/api.w.org\/{rel}","templated":true}]}}