{"id":32839,"date":"2018-05-08T20:12:18","date_gmt":"2018-05-08T23:12:18","guid":{"rendered":"https:\/\/eldiariodesanpedro.com.ar\/sitio\/?p=32839"},"modified":"2018-05-08T20:13:48","modified_gmt":"2018-05-08T23:13:48","slug":"emerson-fue-operado-con-exito-y-espera-ser-dado-de-alta","status":"publish","type":"post","link":"https:\/\/eldiariodesanpedro.com.ar\/sitio\/emerson-fue-operado-con-exito-y-espera-ser-dado-de-alta\/","title":{"rendered":"Emerson fue operado con \u00e9xito y espera ser dado de alta"},"content":{"rendered":"<p><!-- VideographyWP Plugin Message: Automatic video embedding prevented by plugin options. --><br \/>\nEn el dia de ayer fue operado el ni\u00f1o Emerson Gomez en el hospital Garraham donde se extrajo la ultima bala que tenia alojada en sus vertebras.<\/p>\n<p>Este martes fue operado desde las 16:15 hs hasta las 17:15 hs el joven de 12 a\u00f1os quien fue herido de tres disparos cuando fue asesinada su madre en el ultimo femicidio ocurrido en nuestra ciudad.<\/p>\n<p>En dialogo con el padre el cual se encontraba con una gran emoci\u00f3n se pudo saber que la intervenci\u00f3n fue todo un \u00e9xito, que solo dur\u00f3 una hora y que se estar\u00eda esperando solamente en los pr\u00f3ximos d\u00edas que se le de alta para poder traerlo a su ciudad donde continuara con su recuperacion.<\/p>\n","protected":false},"excerpt":{"rendered":"<p>En el dia de ayer fue operado el ni\u00f1o Emerson Gomez en el hospital Garraham donde se extrajo la ultima bala que tenia alojada en sus vertebras. Este martes fue operado desde las 16:15 hs hasta las 17:15 hs el joven de 12 a\u00f1os quien fue herido de tres disparos cuando fue asesinada su madre [&hellip;]<\/p>\n","protected":false},"author":4,"featured_media":32848,"comment_status":"open","ping_status":"closed","sticky":false,"template":"","format":"standard","meta":{"om_disable_all_campaigns":false,"_jetpack_memberships_contains_paid_content":false,"footnotes":""},"categories":[50,101,2],"tags":[],"class_list":["post-32839","post","type-post","status-publish","format-standard","has-post-thumbnail","hentry","category-destacadas","category-interes-general-locales","category-locales"],"aioseo_notices":[],"gutentor_comment":0,"jetpack_featured_media_url":"https:\/\/eldiariodesanpedro.com.ar\/sitio\/wp-content\/uploads\/2018\/05\/PAGINA-5.jpeg","jetpack_shortlink":"https:\/\/wp.me\/p6RhLt-8xF","jetpack_sharing_enabled":true,"_links":{"self":[{"href":"https:\/\/eldiariodesanpedro.com.ar\/sitio\/wp-json\/wp\/v2\/posts\/32839","targetHints":{"allow":["GET"]}}],"collection":[{"href":"https:\/\/eldiariodesanpedro.com.ar\/sitio\/wp-json\/wp\/v2\/posts"}],"about":[{"href":"https:\/\/eldiariodesanpedro.com.ar\/sitio\/wp-json\/wp\/v2\/types\/post"}],"author":[{"embeddable":true,"href":"https:\/\/eldiariodesanpedro.com.ar\/sitio\/wp-json\/wp\/v2\/users\/4"}],"replies":[{"embeddable":true,"href":"https:\/\/eldiariodesanpedro.com.ar\/sitio\/wp-json\/wp\/v2\/comments?post=32839"}],"version-history":[{"count":2,"href":"https:\/\/eldiariodesanpedro.com.ar\/sitio\/wp-json\/wp\/v2\/posts\/32839\/revisions"}],"predecessor-version":[{"id":32852,"href":"https:\/\/eldiariodesanpedro.com.ar\/sitio\/wp-json\/wp\/v2\/posts\/32839\/revisions\/32852"}],"wp:featuredmedia":[{"embeddable":true,"href":"https:\/\/eldiariodesanpedro.com.ar\/sitio\/wp-json\/wp\/v2\/media\/32848"}],"wp:attachment":[{"href":"https:\/\/eldiariodesanpedro.com.ar\/sitio\/wp-json\/wp\/v2\/media?parent=32839"}],"wp:term":[{"taxonomy":"category","embeddable":true,"href":"https:\/\/eldiariodesanpedro.com.ar\/sitio\/wp-json\/wp\/v2\/categories?post=32839"},{"taxonomy":"post_tag","embeddable":true,"href":"https:\/\/eldiariodesanpedro.com.ar\/sitio\/wp-json\/wp\/v2\/tags?post=32839"}],"curies":[{"name":"wp","href":"https:\/\/api.w.org\/{rel}","templated":true}]}}