{"id":32838,"date":"2018-05-08T20:09:36","date_gmt":"2018-05-08T23:09:36","guid":{"rendered":"https:\/\/eldiariodesanpedro.com.ar\/sitio\/?p=32838"},"modified":"2018-05-08T20:09:36","modified_gmt":"2018-05-08T23:09:36","slug":"jornada-de-capacitacion-sobre-violencia-de-genero-en-campana","status":"publish","type":"post","link":"https:\/\/eldiariodesanpedro.com.ar\/sitio\/jornada-de-capacitacion-sobre-violencia-de-genero-en-campana\/","title":{"rendered":"Jornada de Capacitaci\u00f3n sobre Violencia de G\u00e9nero en Campana"},"content":{"rendered":"<p><!-- VideographyWP Plugin Message: Automatic video embedding prevented by plugin options. --><br \/>\n  El viernes 27 de abril el equipo de Servicio de Protecci\u00f3n contra la Violencia familiar de San Pedro, dependiente de la Secretar\u00eda de Desarrollo Humano, particip\u00f3 de la jornada de capacitaci\u00f3n sobre violencia de g\u00e9nero, en el Honorable Concejo Deliberante en la ciudad de Campana.<\/p>\n<p>  En la misma se presentaron diversas alternativas de tratamiento en la tem\u00e1tica dirigida a los hombres. La capacitaci\u00f3n fue abierta al p\u00fablico a cargo del equipo de la Subsecretar\u00eda de G\u00e9nero y Diversidad Sexual, perteneciente a la Secretar\u00eda de Derechos Humanos de la Provincia de Buenos Aires.<\/p>\n<p>  Subsecretar\u00eda de G\u00e9nero y Diversidad Sexual tiene como objetivo principal promover e implementar pol\u00edticas que contribuyan a la plena igualdad jur\u00eddica, social, econ\u00f3mica, laboral, pol\u00edtica y cultural entre los g\u00e9neros, respetando las diversidades sexo-gen\u00e9ricas y las orientaciones sexuales de las personas. Asimismo, es la encargada de proyectar medidas que incorporen la transversalizaci\u00f3n del enfoque de g\u00e9nero en el estado provincial y en los gobiernos municipales.<\/p>\n","protected":false},"excerpt":{"rendered":"<p>El viernes 27 de abril el equipo de Servicio de Protecci\u00f3n contra la Violencia familiar de San Pedro, dependiente de la Secretar\u00eda de Desarrollo Humano, particip\u00f3 de la jornada de capacitaci\u00f3n sobre violencia de g\u00e9nero, en el Honorable Concejo Deliberante en la ciudad de Campana. En la misma se presentaron diversas alternativas de tratamiento en [&hellip;]<\/p>\n","protected":false},"author":4,"featured_media":32840,"comment_status":"open","ping_status":"closed","sticky":false,"template":"","format":"standard","meta":{"om_disable_all_campaigns":false,"_jetpack_memberships_contains_paid_content":false,"footnotes":""},"categories":[101,2],"tags":[],"class_list":["post-32838","post","type-post","status-publish","format-standard","has-post-thumbnail","hentry","category-interes-general-locales","category-locales"],"aioseo_notices":[],"gutentor_comment":0,"jetpack_featured_media_url":"https:\/\/eldiariodesanpedro.com.ar\/sitio\/wp-content\/uploads\/2018\/05\/Jornada-de-Capacitaci\u00f3n-sobre-Violencia-de-G\u00e9nero-en-Campana.jpeg","jetpack_shortlink":"https:\/\/wp.me\/p6RhLt-8xE","jetpack_sharing_enabled":true,"_links":{"self":[{"href":"https:\/\/eldiariodesanpedro.com.ar\/sitio\/wp-json\/wp\/v2\/posts\/32838","targetHints":{"allow":["GET"]}}],"collection":[{"href":"https:\/\/eldiariodesanpedro.com.ar\/sitio\/wp-json\/wp\/v2\/posts"}],"about":[{"href":"https:\/\/eldiariodesanpedro.com.ar\/sitio\/wp-json\/wp\/v2\/types\/post"}],"author":[{"embeddable":true,"href":"https:\/\/eldiariodesanpedro.com.ar\/sitio\/wp-json\/wp\/v2\/users\/4"}],"replies":[{"embeddable":true,"href":"https:\/\/eldiariodesanpedro.com.ar\/sitio\/wp-json\/wp\/v2\/comments?post=32838"}],"version-history":[{"count":1,"href":"https:\/\/eldiariodesanpedro.com.ar\/sitio\/wp-json\/wp\/v2\/posts\/32838\/revisions"}],"predecessor-version":[{"id":32843,"href":"https:\/\/eldiariodesanpedro.com.ar\/sitio\/wp-json\/wp\/v2\/posts\/32838\/revisions\/32843"}],"wp:featuredmedia":[{"embeddable":true,"href":"https:\/\/eldiariodesanpedro.com.ar\/sitio\/wp-json\/wp\/v2\/media\/32840"}],"wp:attachment":[{"href":"https:\/\/eldiariodesanpedro.com.ar\/sitio\/wp-json\/wp\/v2\/media?parent=32838"}],"wp:term":[{"taxonomy":"category","embeddable":true,"href":"https:\/\/eldiariodesanpedro.com.ar\/sitio\/wp-json\/wp\/v2\/categories?post=32838"},{"taxonomy":"post_tag","embeddable":true,"href":"https:\/\/eldiariodesanpedro.com.ar\/sitio\/wp-json\/wp\/v2\/tags?post=32838"}],"curies":[{"name":"wp","href":"https:\/\/api.w.org\/{rel}","templated":true}]}}