{"id":32830,"date":"2018-05-08T16:52:08","date_gmt":"2018-05-08T19:52:08","guid":{"rendered":"https:\/\/eldiariodesanpedro.com.ar\/sitio\/?p=32830"},"modified":"2018-05-08T17:05:29","modified_gmt":"2018-05-08T20:05:29","slug":"unidad-ciudadana-san-pedro-expreso-su-repudio-al-pedido-de-ayuda-financiera-al-fmi","status":"publish","type":"post","link":"https:\/\/eldiariodesanpedro.com.ar\/sitio\/unidad-ciudadana-san-pedro-expreso-su-repudio-al-pedido-de-ayuda-financiera-al-fmi\/","title":{"rendered":"Unidad Ciudadana San Pedro expres\u00f3 su repudio al pedido de ayuda financiera al FMI"},"content":{"rendered":"<p><!-- VideographyWP Plugin Message: Automatic video embedding prevented by plugin options. --><br \/>\nA trav\u00e9s de su cuenta de Facebook el partido Unidad Ciudadana que es representado por Cristina Kichner a nivel nacional se refiri\u00f3 al anuncio realizado por el Presidente en el mediod\u00eda de este martes. <\/p>\n<p>\u00abDesde Unidad Ciudadana manifestamos nuestro total desacuerdo a lo anunciado por el presidente Mauricio Macri de retomar las conversaciones con el #FMI.<br \/>\nSabemos que la dependencia a dicho organismo no trajo m\u00e1s que dolor a nuestro pueblo, prueba de eso dieron #Per\u00f3n en el \u201852 y #N\u00e9stor en el 2005 cuando liberaron al pa\u00eds del sometimiento del Fondo Monetario, fue all\u00ed cuando el pueblo argentino fue feliz.<br \/>\nEstamos convencidos que el camino elegido por el gobierno de #Macri no es el correcto, debemos pregonar la independencia econ\u00f3mica, la soberan\u00eda pol\u00edtica y la Justicia Social\u00bb.<\/p>\n","protected":false},"excerpt":{"rendered":"<p>A trav\u00e9s de su cuenta de Facebook el partido Unidad Ciudadana que es representado por Cristina Kichner a nivel nacional se refiri\u00f3 al anuncio realizado por el Presidente en el mediod\u00eda de este martes. \u00abDesde Unidad Ciudadana manifestamos nuestro total desacuerdo a lo anunciado por el presidente Mauricio Macri de retomar las conversaciones con el [&hellip;]<\/p>\n","protected":false},"author":4,"featured_media":32831,"comment_status":"open","ping_status":"closed","sticky":false,"template":"","format":"standard","meta":{"om_disable_all_campaigns":false,"_jetpack_memberships_contains_paid_content":false,"footnotes":""},"categories":[2,102],"tags":[],"class_list":["post-32830","post","type-post","status-publish","format-standard","has-post-thumbnail","hentry","category-locales","category-politica-locales"],"aioseo_notices":[],"gutentor_comment":0,"jetpack_featured_media_url":"https:\/\/eldiariodesanpedro.com.ar\/sitio\/wp-content\/uploads\/2018\/05\/32231473_585616065128145_6511262595029139456_n.png","jetpack_shortlink":"https:\/\/wp.me\/p6RhLt-8xw","jetpack_sharing_enabled":true,"_links":{"self":[{"href":"https:\/\/eldiariodesanpedro.com.ar\/sitio\/wp-json\/wp\/v2\/posts\/32830","targetHints":{"allow":["GET"]}}],"collection":[{"href":"https:\/\/eldiariodesanpedro.com.ar\/sitio\/wp-json\/wp\/v2\/posts"}],"about":[{"href":"https:\/\/eldiariodesanpedro.com.ar\/sitio\/wp-json\/wp\/v2\/types\/post"}],"author":[{"embeddable":true,"href":"https:\/\/eldiariodesanpedro.com.ar\/sitio\/wp-json\/wp\/v2\/users\/4"}],"replies":[{"embeddable":true,"href":"https:\/\/eldiariodesanpedro.com.ar\/sitio\/wp-json\/wp\/v2\/comments?post=32830"}],"version-history":[{"count":2,"href":"https:\/\/eldiariodesanpedro.com.ar\/sitio\/wp-json\/wp\/v2\/posts\/32830\/revisions"}],"predecessor-version":[{"id":32833,"href":"https:\/\/eldiariodesanpedro.com.ar\/sitio\/wp-json\/wp\/v2\/posts\/32830\/revisions\/32833"}],"wp:featuredmedia":[{"embeddable":true,"href":"https:\/\/eldiariodesanpedro.com.ar\/sitio\/wp-json\/wp\/v2\/media\/32831"}],"wp:attachment":[{"href":"https:\/\/eldiariodesanpedro.com.ar\/sitio\/wp-json\/wp\/v2\/media?parent=32830"}],"wp:term":[{"taxonomy":"category","embeddable":true,"href":"https:\/\/eldiariodesanpedro.com.ar\/sitio\/wp-json\/wp\/v2\/categories?post=32830"},{"taxonomy":"post_tag","embeddable":true,"href":"https:\/\/eldiariodesanpedro.com.ar\/sitio\/wp-json\/wp\/v2\/tags?post=32830"}],"curies":[{"name":"wp","href":"https:\/\/api.w.org\/{rel}","templated":true}]}}