{"id":32825,"date":"2018-05-08T16:32:07","date_gmt":"2018-05-08T19:32:07","guid":{"rendered":"https:\/\/eldiariodesanpedro.com.ar\/sitio\/?p=32825"},"modified":"2018-05-08T16:43:47","modified_gmt":"2018-05-08T19:43:47","slug":"se-presento-un-nuevo-ciclo-de-cine-mundial-en-el-siripo","status":"publish","type":"post","link":"https:\/\/eldiariodesanpedro.com.ar\/sitio\/se-presento-un-nuevo-ciclo-de-cine-mundial-en-el-siripo\/","title":{"rendered":"Se present\u00f3 un nuevo ciclo de Cine Mundial en el Siripo"},"content":{"rendered":"<p><!-- VideographyWP Plugin Message: Automatic video embedding prevented by plugin options. --><br \/>\nEste martes por la ma\u00f1ana se present\u00f3 por la Direcci\u00f3n de Cultura el Ciclo de Cine correspondiente a este a\u00f1o 2018, con la presencia de la Directora de Cultura Maria Jos\u00e9 Mora quien explic\u00f3 la tem\u00e1tica que se llevar\u00e1 adelante durante esta temporada.<\/p>\n<p>A diferencia del a\u00f1o pasado donde se recorrieron 25 pa\u00edses, este a\u00f1o ser\u00e1n 15 ya que las proyecciones se realizar\u00e1n de manera quincenal los d\u00edas mi\u00e9rcoles 20:30 hs.<\/p>\n<p>Esta vez la propuesta incluye pel\u00edculas de Francia, Dinamarca, Jap\u00f3n, Irlanda, Italia, Israel, Espa\u00f1a, Per\u00fa, Nigeria, Rumania, China, Estados Unidos, Rusia, Islandia Uruguay y Argentina.<\/p>\n<p>Las pel\u00edculas seleccionada, no son comerciales en nuestro pa\u00eds, de esta forma se pueden proyectar pel\u00edculas de otros pa\u00edses que fueron relevantes y que no han llegado a nuestro mercado.<\/p>\n<p>La diferentes pel\u00edculas que se proyectar\u00e1n no se enmarcan en un g\u00e9nero particular, sino por el contrario se despliegan en un abanico de diferentes tem\u00e1ticas y modos. Desde dramas intensos, pasando por comedias absurdas, hasta historias que nos hacen reflexionar sobre el ser humanos y sus conductas. Hay pel\u00edculas policiales, hist\u00f3ricas, expresiones de cine independiente y trabajo de reconocidos directores.<\/p>\n<p>La entrada es libre y gratuita, en el Teatro Sirpo, con una frecuencia quincenal, comenzando el 16 de mayo y extendi\u00e9ndose hasta el 28 de noviembre.<\/p>\n<p>El horario de las funciones ser\u00e1 20:30 hs., comenzando puntual. Luego de las proyecciones se invitar\u00e1 a hacer un an\u00e1lisis sobre la pel\u00edcula de libre interpretaci\u00f3n en relaci\u00f3n con la literatura, historia, entre otras.<\/p>\n<div class=\"fb-video\" data-allowfullscreen=\"true\" data-href=\"https:\/\/www.facebook.com\/eldiario.desanpedro\/videos\/765486520327156\/\" style=\"background-color: #fff; display: inline-block;\"><\/div>\n","protected":false},"excerpt":{"rendered":"<p>Este martes por la ma\u00f1ana se present\u00f3 por la Direcci\u00f3n de Cultura el Ciclo de Cine correspondiente a este a\u00f1o 2018, con la presencia de la Directora de Cultura Maria Jos\u00e9 Mora quien explic\u00f3 la tem\u00e1tica que se llevar\u00e1 adelante durante esta temporada. A diferencia del a\u00f1o pasado donde se recorrieron 25 pa\u00edses, este a\u00f1o [&hellip;]<\/p>\n","protected":false},"author":4,"featured_media":32826,"comment_status":"open","ping_status":"closed","sticky":false,"template":"","format":"standard","meta":{"om_disable_all_campaigns":false,"_jetpack_memberships_contains_paid_content":false,"footnotes":""},"categories":[101,2],"tags":[],"class_list":["post-32825","post","type-post","status-publish","format-standard","has-post-thumbnail","hentry","category-interes-general-locales","category-locales"],"aioseo_notices":[],"gutentor_comment":0,"jetpack_featured_media_url":"https:\/\/eldiariodesanpedro.com.ar\/sitio\/wp-content\/uploads\/2018\/05\/pastedImage-1-1.png","jetpack_shortlink":"https:\/\/wp.me\/p6RhLt-8xr","jetpack_sharing_enabled":true,"_links":{"self":[{"href":"https:\/\/eldiariodesanpedro.com.ar\/sitio\/wp-json\/wp\/v2\/posts\/32825","targetHints":{"allow":["GET"]}}],"collection":[{"href":"https:\/\/eldiariodesanpedro.com.ar\/sitio\/wp-json\/wp\/v2\/posts"}],"about":[{"href":"https:\/\/eldiariodesanpedro.com.ar\/sitio\/wp-json\/wp\/v2\/types\/post"}],"author":[{"embeddable":true,"href":"https:\/\/eldiariodesanpedro.com.ar\/sitio\/wp-json\/wp\/v2\/users\/4"}],"replies":[{"embeddable":true,"href":"https:\/\/eldiariodesanpedro.com.ar\/sitio\/wp-json\/wp\/v2\/comments?post=32825"}],"version-history":[{"count":3,"href":"https:\/\/eldiariodesanpedro.com.ar\/sitio\/wp-json\/wp\/v2\/posts\/32825\/revisions"}],"predecessor-version":[{"id":32829,"href":"https:\/\/eldiariodesanpedro.com.ar\/sitio\/wp-json\/wp\/v2\/posts\/32825\/revisions\/32829"}],"wp:featuredmedia":[{"embeddable":true,"href":"https:\/\/eldiariodesanpedro.com.ar\/sitio\/wp-json\/wp\/v2\/media\/32826"}],"wp:attachment":[{"href":"https:\/\/eldiariodesanpedro.com.ar\/sitio\/wp-json\/wp\/v2\/media?parent=32825"}],"wp:term":[{"taxonomy":"category","embeddable":true,"href":"https:\/\/eldiariodesanpedro.com.ar\/sitio\/wp-json\/wp\/v2\/categories?post=32825"},{"taxonomy":"post_tag","embeddable":true,"href":"https:\/\/eldiariodesanpedro.com.ar\/sitio\/wp-json\/wp\/v2\/tags?post=32825"}],"curies":[{"name":"wp","href":"https:\/\/api.w.org\/{rel}","templated":true}]}}