{"id":32822,"date":"2018-05-08T09:57:59","date_gmt":"2018-05-08T12:57:59","guid":{"rendered":"https:\/\/eldiariodesanpedro.com.ar\/sitio\/?p=32822"},"modified":"2018-05-08T09:57:59","modified_gmt":"2018-05-08T12:57:59","slug":"las-amalias-celebro-el-dia-mundial-de-los-laberintos","status":"publish","type":"post","link":"https:\/\/eldiariodesanpedro.com.ar\/sitio\/las-amalias-celebro-el-dia-mundial-de-los-laberintos\/","title":{"rendered":"Las Amalias celebro el D\u00eda Mundial de los Laberintos"},"content":{"rendered":"<p><!-- VideographyWP Plugin Message: Automatic video embedding prevented by plugin options. --><br \/>\nLa Sociedad Internacional de Laberintos, es un grupo de gente que se une en los m\u00e1s diversos lugares en todo el planeta entorno a un s\u00edmbolo ancestral. <\/p>\n<p>Hace diez a\u00f1os que se convoca a transitar por un laberinto el primer s\u00e1bado de Mayo a las 13 horas, (hora local), creando as\u00ed una ola de energ\u00eda que recorre el globo de este a oeste a lo largo de 24 horas y que hace que cada persona, desde la peque\u00f1ez m\u00e1s absoluta de un solo ser, sienta esta sensaci\u00f3n dif\u00edcilmente descriptible de formar parte de algo absolutamente grande. <\/p>\n<p>Los eventos del d\u00eda mundial del laberinto est\u00e1n siendo planeados en al menos 27 pa\u00edses.Australia, Argentina, Armenia, ARUBA, Brasil, Canad\u00e1, Ecuador, Inglaterra, Francia, Alemania, Hungr\u00eda, Irlanda, Italia, Lituania, Malta, M\u00e9xico, pa\u00edses bajos, Nueva Zelanda, Noruega, Per\u00fa, Ruman\u00eda, Rusia, Escocia, Sud\u00e1frica, Espa\u00f1a, Suiza y EE. UU. <\/p>\n<p>Los organizadores a nivel local dijeron: \u00abEstamos muy felices de haber participado de este d\u00eda mundial del laberinto! Gracias a todos, Complejo Las Amalias\u00bb.<\/p>\n","protected":false},"excerpt":{"rendered":"<p>La Sociedad Internacional de Laberintos, es un grupo de gente que se une en los m\u00e1s diversos lugares en todo el planeta entorno a un s\u00edmbolo ancestral. Hace diez a\u00f1os que se convoca a transitar por un laberinto el primer s\u00e1bado de Mayo a las 13 horas, (hora local), creando as\u00ed una ola de energ\u00eda [&hellip;]<\/p>\n","protected":false},"author":4,"featured_media":32823,"comment_status":"open","ping_status":"closed","sticky":false,"template":"","format":"standard","meta":{"om_disable_all_campaigns":false,"_jetpack_memberships_contains_paid_content":false,"footnotes":""},"categories":[101,2],"tags":[],"class_list":["post-32822","post","type-post","status-publish","format-standard","has-post-thumbnail","hentry","category-interes-general-locales","category-locales"],"aioseo_notices":[],"gutentor_comment":0,"jetpack_featured_media_url":"https:\/\/eldiariodesanpedro.com.ar\/sitio\/wp-content\/uploads\/2018\/05\/Laberinto.png","jetpack_shortlink":"https:\/\/wp.me\/p6RhLt-8xo","jetpack_sharing_enabled":true,"_links":{"self":[{"href":"https:\/\/eldiariodesanpedro.com.ar\/sitio\/wp-json\/wp\/v2\/posts\/32822","targetHints":{"allow":["GET"]}}],"collection":[{"href":"https:\/\/eldiariodesanpedro.com.ar\/sitio\/wp-json\/wp\/v2\/posts"}],"about":[{"href":"https:\/\/eldiariodesanpedro.com.ar\/sitio\/wp-json\/wp\/v2\/types\/post"}],"author":[{"embeddable":true,"href":"https:\/\/eldiariodesanpedro.com.ar\/sitio\/wp-json\/wp\/v2\/users\/4"}],"replies":[{"embeddable":true,"href":"https:\/\/eldiariodesanpedro.com.ar\/sitio\/wp-json\/wp\/v2\/comments?post=32822"}],"version-history":[{"count":1,"href":"https:\/\/eldiariodesanpedro.com.ar\/sitio\/wp-json\/wp\/v2\/posts\/32822\/revisions"}],"predecessor-version":[{"id":32824,"href":"https:\/\/eldiariodesanpedro.com.ar\/sitio\/wp-json\/wp\/v2\/posts\/32822\/revisions\/32824"}],"wp:featuredmedia":[{"embeddable":true,"href":"https:\/\/eldiariodesanpedro.com.ar\/sitio\/wp-json\/wp\/v2\/media\/32823"}],"wp:attachment":[{"href":"https:\/\/eldiariodesanpedro.com.ar\/sitio\/wp-json\/wp\/v2\/media?parent=32822"}],"wp:term":[{"taxonomy":"category","embeddable":true,"href":"https:\/\/eldiariodesanpedro.com.ar\/sitio\/wp-json\/wp\/v2\/categories?post=32822"},{"taxonomy":"post_tag","embeddable":true,"href":"https:\/\/eldiariodesanpedro.com.ar\/sitio\/wp-json\/wp\/v2\/tags?post=32822"}],"curies":[{"name":"wp","href":"https:\/\/api.w.org\/{rel}","templated":true}]}}