{"id":32815,"date":"2018-05-08T09:38:17","date_gmt":"2018-05-08T12:38:17","guid":{"rendered":"https:\/\/eldiariodesanpedro.com.ar\/sitio\/?p=32815"},"modified":"2018-05-08T09:38:17","modified_gmt":"2018-05-08T12:38:17","slug":"campeonato-nacional-de-karate-en-el-gimnasio-del-estadio","status":"publish","type":"post","link":"https:\/\/eldiariodesanpedro.com.ar\/sitio\/campeonato-nacional-de-karate-en-el-gimnasio-del-estadio\/","title":{"rendered":"Campeonato Nacional de Karate en el gimnasio del Estadio"},"content":{"rendered":"<p><!-- VideographyWP Plugin Message: Automatic video embedding prevented by plugin options. --><br \/>\nSan Pedro vuelve a recibir a las delegaciones de karate m\u00e1s destacadas del pa\u00eds con la realizaci\u00f3n en el Gimnasio del Estadio Municipal del Campeonato Nacional Apertura. La actividad est\u00e1 prevista para el domingo 13 de mayo con los combates de las diferentes especialidades y categor\u00edas.<\/p>\n<p>La ceremonia de apertura ser\u00e1 las 9 de la ma\u00f1ana con la presencia de autoridades e invitados especiales y sobre el final de la tarde se realizar\u00e1 la premiaci\u00f3n. <\/p>\n<p>El torneo servir\u00e1 tambi\u00e9n para presentar las mejoras en el gimnasio realizadas en conjunto entre el municipio y la asociaci\u00f3n que har\u00e1n posible su m\u00e1ximo lucimiento.<\/p>\n","protected":false},"excerpt":{"rendered":"<p>San Pedro vuelve a recibir a las delegaciones de karate m\u00e1s destacadas del pa\u00eds con la realizaci\u00f3n en el Gimnasio del Estadio Municipal del Campeonato Nacional Apertura. La actividad est\u00e1 prevista para el domingo 13 de mayo con los combates de las diferentes especialidades y categor\u00edas. La ceremonia de apertura ser\u00e1 las 9 de la [&hellip;]<\/p>\n","protected":false},"author":4,"featured_media":32816,"comment_status":"open","ping_status":"closed","sticky":false,"template":"","format":"standard","meta":{"om_disable_all_campaigns":false,"_jetpack_memberships_contains_paid_content":false,"footnotes":""},"categories":[101,2],"tags":[],"class_list":["post-32815","post","type-post","status-publish","format-standard","has-post-thumbnail","hentry","category-interes-general-locales","category-locales"],"aioseo_notices":[],"gutentor_comment":0,"jetpack_featured_media_url":"https:\/\/eldiariodesanpedro.com.ar\/sitio\/wp-content\/uploads\/2018\/05\/karate.png","jetpack_shortlink":"https:\/\/wp.me\/p6RhLt-8xh","jetpack_sharing_enabled":true,"_links":{"self":[{"href":"https:\/\/eldiariodesanpedro.com.ar\/sitio\/wp-json\/wp\/v2\/posts\/32815","targetHints":{"allow":["GET"]}}],"collection":[{"href":"https:\/\/eldiariodesanpedro.com.ar\/sitio\/wp-json\/wp\/v2\/posts"}],"about":[{"href":"https:\/\/eldiariodesanpedro.com.ar\/sitio\/wp-json\/wp\/v2\/types\/post"}],"author":[{"embeddable":true,"href":"https:\/\/eldiariodesanpedro.com.ar\/sitio\/wp-json\/wp\/v2\/users\/4"}],"replies":[{"embeddable":true,"href":"https:\/\/eldiariodesanpedro.com.ar\/sitio\/wp-json\/wp\/v2\/comments?post=32815"}],"version-history":[{"count":1,"href":"https:\/\/eldiariodesanpedro.com.ar\/sitio\/wp-json\/wp\/v2\/posts\/32815\/revisions"}],"predecessor-version":[{"id":32817,"href":"https:\/\/eldiariodesanpedro.com.ar\/sitio\/wp-json\/wp\/v2\/posts\/32815\/revisions\/32817"}],"wp:featuredmedia":[{"embeddable":true,"href":"https:\/\/eldiariodesanpedro.com.ar\/sitio\/wp-json\/wp\/v2\/media\/32816"}],"wp:attachment":[{"href":"https:\/\/eldiariodesanpedro.com.ar\/sitio\/wp-json\/wp\/v2\/media?parent=32815"}],"wp:term":[{"taxonomy":"category","embeddable":true,"href":"https:\/\/eldiariodesanpedro.com.ar\/sitio\/wp-json\/wp\/v2\/categories?post=32815"},{"taxonomy":"post_tag","embeddable":true,"href":"https:\/\/eldiariodesanpedro.com.ar\/sitio\/wp-json\/wp\/v2\/tags?post=32815"}],"curies":[{"name":"wp","href":"https:\/\/api.w.org\/{rel}","templated":true}]}}