{"id":32812,"date":"2018-05-08T09:31:43","date_gmt":"2018-05-08T12:31:43","guid":{"rendered":"https:\/\/eldiariodesanpedro.com.ar\/sitio\/?p=32812"},"modified":"2018-05-08T09:31:43","modified_gmt":"2018-05-08T12:31:43","slug":"inta-biosolarizacion-una-tecnica-eficiente-para-cultivos-intensivos","status":"publish","type":"post","link":"https:\/\/eldiariodesanpedro.com.ar\/sitio\/inta-biosolarizacion-una-tecnica-eficiente-para-cultivos-intensivos\/","title":{"rendered":"INTA: Biosolarizaci\u00f3n, una t\u00e9cnica eficiente para cultivos intensivos"},"content":{"rendered":"<p><!-- VideographyWP Plugin Message: Automatic video embedding prevented by plugin options. --><br \/>\nPasaron m\u00e1s de 15 a\u00f1os de pruebas en una t\u00e9cnica que busca aportar sanidad desde el suelo sin la utilizaci\u00f3n de otros recursos que no sean la energ\u00eda solar o enmiendas org\u00e1nicas que act\u00faan como biofumigantes. Ya hay productores que la utilizan en la provincia de Buenos Aires y ahora es momento de multiplicar la formaci\u00f3n de personas que puedan aplicar esta t\u00e9cnica.<\/p>\n<p>Esta es la propuesta de Mariel Mitidieri y su equipo para este \u201cCurso de formaci\u00f3n de biosolarizadores\u201d que propone una primera etapa en agosto de 2018, antes de que cada participante pueda aplicar la t\u00e9cnica en su parcela. En el primer encuentro los participantes conocer\u00e1n los fundamentos de la t\u00e9cnica y podr\u00e1n realizar un ejercicio de planificaci\u00f3n de su propia experiencia para la implementaci\u00f3n en situaciones reales. La idea adem\u00e1s es poder hacer un seguimiento de las experiencias de los que se animen a aplicar la t\u00e9cnica y concretar el an\u00e1lisis de la poblaci\u00f3n de pat\u00f3genos del suelo despu\u00e9s de los tratamientos. <\/p>\n<p>El evento est\u00e1 destinado a horticultores, profesionales y estudiantes que se especialicen en horticultura, y tendr\u00e1 una instancia en agosto de este a\u00f1o y otra en marzo del siguiente. La biosolarizaci\u00f3n es una pr\u00e1ctica que permite manejar la sanidad del cultivo a trav\u00e9s del uso combinado de la energ\u00eda solar y los gases que emanan de la descomposici\u00f3n de la materia org\u00e1nica . Los efectos ben\u00e9ficos del aporte de materia org\u00e1nica al suelo, redunda adem\u00e1s en mejoras en la calidad del mismo, y en el desarrollo de los cultivos hort\u00edcolas. La implementaci\u00f3n de esta t\u00e9cnica requiere de una correcta planificaci\u00f3n del uso de los lotes y de la generaci\u00f3n del material que se usar\u00e1 como biofumigante.<\/p>\n<p>Los encuentros contar\u00e1n con la experiencia confluyente de investigadores que hace tiempo vienen trabajando en la t\u00e9cnica y la de los productores que ya la han incorporado como pr\u00e1ctica fundamental para la sanidad de sus cultivos. Los interesados deber\u00e1n inscribirse para reservar su lugar, as\u00ed como contemplar la posibilidad de realizar un ejercicio sobre un caso real (un cultivo propio, el de un productor con el que se asesora, una experiencia educativa o incluso articular con experiencias promovidas desde el INTA).<\/p>\n","protected":false},"excerpt":{"rendered":"<p>Pasaron m\u00e1s de 15 a\u00f1os de pruebas en una t\u00e9cnica que busca aportar sanidad desde el suelo sin la utilizaci\u00f3n de otros recursos que no sean la energ\u00eda solar o enmiendas org\u00e1nicas que act\u00faan como biofumigantes. Ya hay productores que la utilizan en la provincia de Buenos Aires y ahora es momento de multiplicar la [&hellip;]<\/p>\n","protected":false},"author":4,"featured_media":32813,"comment_status":"open","ping_status":"closed","sticky":false,"template":"","format":"standard","meta":{"om_disable_all_campaigns":false,"_jetpack_memberships_contains_paid_content":false,"footnotes":""},"categories":[101,2],"tags":[],"class_list":["post-32812","post","type-post","status-publish","format-standard","has-post-thumbnail","hentry","category-interes-general-locales","category-locales"],"aioseo_notices":[],"gutentor_comment":0,"jetpack_featured_media_url":"https:\/\/eldiariodesanpedro.com.ar\/sitio\/wp-content\/uploads\/2018\/05\/unnamed-2.png","jetpack_shortlink":"https:\/\/wp.me\/p6RhLt-8xe","jetpack_sharing_enabled":true,"_links":{"self":[{"href":"https:\/\/eldiariodesanpedro.com.ar\/sitio\/wp-json\/wp\/v2\/posts\/32812","targetHints":{"allow":["GET"]}}],"collection":[{"href":"https:\/\/eldiariodesanpedro.com.ar\/sitio\/wp-json\/wp\/v2\/posts"}],"about":[{"href":"https:\/\/eldiariodesanpedro.com.ar\/sitio\/wp-json\/wp\/v2\/types\/post"}],"author":[{"embeddable":true,"href":"https:\/\/eldiariodesanpedro.com.ar\/sitio\/wp-json\/wp\/v2\/users\/4"}],"replies":[{"embeddable":true,"href":"https:\/\/eldiariodesanpedro.com.ar\/sitio\/wp-json\/wp\/v2\/comments?post=32812"}],"version-history":[{"count":1,"href":"https:\/\/eldiariodesanpedro.com.ar\/sitio\/wp-json\/wp\/v2\/posts\/32812\/revisions"}],"predecessor-version":[{"id":32814,"href":"https:\/\/eldiariodesanpedro.com.ar\/sitio\/wp-json\/wp\/v2\/posts\/32812\/revisions\/32814"}],"wp:featuredmedia":[{"embeddable":true,"href":"https:\/\/eldiariodesanpedro.com.ar\/sitio\/wp-json\/wp\/v2\/media\/32813"}],"wp:attachment":[{"href":"https:\/\/eldiariodesanpedro.com.ar\/sitio\/wp-json\/wp\/v2\/media?parent=32812"}],"wp:term":[{"taxonomy":"category","embeddable":true,"href":"https:\/\/eldiariodesanpedro.com.ar\/sitio\/wp-json\/wp\/v2\/categories?post=32812"},{"taxonomy":"post_tag","embeddable":true,"href":"https:\/\/eldiariodesanpedro.com.ar\/sitio\/wp-json\/wp\/v2\/tags?post=32812"}],"curies":[{"name":"wp","href":"https:\/\/api.w.org\/{rel}","templated":true}]}}