{"id":32807,"date":"2018-05-07T21:16:23","date_gmt":"2018-05-08T00:16:23","guid":{"rendered":"https:\/\/eldiariodesanpedro.com.ar\/sitio\/?p=32807"},"modified":"2018-05-07T21:16:23","modified_gmt":"2018-05-08T00:16:23","slug":"una-mujer-perdio-el-control-de-su-moto-y-cayo-al-asfalto","status":"publish","type":"post","link":"https:\/\/eldiariodesanpedro.com.ar\/sitio\/una-mujer-perdio-el-control-de-su-moto-y-cayo-al-asfalto\/","title":{"rendered":"Una mujer perdi\u00f3 el control de su moto y cay\u00f3 al asfalto"},"content":{"rendered":"<p><!-- VideographyWP Plugin Message: Automatic video embedding prevented by plugin options. --><br \/>\nUn mujer que circulaba en su motocicleta 110 cc se cay\u00f3 al pasar por un desnivel en el pavimento lo que le provoco lesi\u00f3n.<\/p>\n<p>El accidente tuvo lugar en calle Las Heras entre calle Uruguay y Av. Sarmiento cuando una mujer mayor de edad que sal\u00eda del instituto que se encuentra en las inmediaciones al llegar a la zona donde se encuentra un desnivel entre las dos placas de hormig\u00f3n pierde el control del veh\u00edculo cayendo en la cinta asf\u00e1ltica provocando un fuerte golpe.<\/p>\n<p>Se hizo presente en el lugar la ambulancia del SAME quien derivo a la victima hasta el nosocomio local donde se le realizaron los estudios y curaciones correspondientes.<\/p>\n","protected":false},"excerpt":{"rendered":"<p>Un mujer que circulaba en su motocicleta 110 cc se cay\u00f3 al pasar por un desnivel en el pavimento lo que le provoco lesi\u00f3n. El accidente tuvo lugar en calle Las Heras entre calle Uruguay y Av. Sarmiento cuando una mujer mayor de edad que sal\u00eda del instituto que se encuentra en las inmediaciones al [&hellip;]<\/p>\n","protected":false},"author":4,"featured_media":32809,"comment_status":"open","ping_status":"closed","sticky":false,"template":"","format":"standard","meta":{"om_disable_all_campaigns":false,"_jetpack_memberships_contains_paid_content":false,"footnotes":""},"categories":[2,103],"tags":[],"class_list":["post-32807","post","type-post","status-publish","format-standard","has-post-thumbnail","hentry","category-locales","category-policiales-locales"],"aioseo_notices":[],"gutentor_comment":0,"jetpack_featured_media_url":"https:\/\/eldiariodesanpedro.com.ar\/sitio\/wp-content\/uploads\/2018\/05\/20180507_202338-e1525738552525.jpg","jetpack_shortlink":"https:\/\/wp.me\/p6RhLt-8x9","jetpack_sharing_enabled":true,"_links":{"self":[{"href":"https:\/\/eldiariodesanpedro.com.ar\/sitio\/wp-json\/wp\/v2\/posts\/32807","targetHints":{"allow":["GET"]}}],"collection":[{"href":"https:\/\/eldiariodesanpedro.com.ar\/sitio\/wp-json\/wp\/v2\/posts"}],"about":[{"href":"https:\/\/eldiariodesanpedro.com.ar\/sitio\/wp-json\/wp\/v2\/types\/post"}],"author":[{"embeddable":true,"href":"https:\/\/eldiariodesanpedro.com.ar\/sitio\/wp-json\/wp\/v2\/users\/4"}],"replies":[{"embeddable":true,"href":"https:\/\/eldiariodesanpedro.com.ar\/sitio\/wp-json\/wp\/v2\/comments?post=32807"}],"version-history":[{"count":1,"href":"https:\/\/eldiariodesanpedro.com.ar\/sitio\/wp-json\/wp\/v2\/posts\/32807\/revisions"}],"predecessor-version":[{"id":32810,"href":"https:\/\/eldiariodesanpedro.com.ar\/sitio\/wp-json\/wp\/v2\/posts\/32807\/revisions\/32810"}],"wp:featuredmedia":[{"embeddable":true,"href":"https:\/\/eldiariodesanpedro.com.ar\/sitio\/wp-json\/wp\/v2\/media\/32809"}],"wp:attachment":[{"href":"https:\/\/eldiariodesanpedro.com.ar\/sitio\/wp-json\/wp\/v2\/media?parent=32807"}],"wp:term":[{"taxonomy":"category","embeddable":true,"href":"https:\/\/eldiariodesanpedro.com.ar\/sitio\/wp-json\/wp\/v2\/categories?post=32807"},{"taxonomy":"post_tag","embeddable":true,"href":"https:\/\/eldiariodesanpedro.com.ar\/sitio\/wp-json\/wp\/v2\/tags?post=32807"}],"curies":[{"name":"wp","href":"https:\/\/api.w.org\/{rel}","templated":true}]}}