{"id":32800,"date":"2018-05-07T20:24:31","date_gmt":"2018-05-07T23:24:31","guid":{"rendered":"https:\/\/eldiariodesanpedro.com.ar\/sitio\/?p=32800"},"modified":"2026-01-24T00:13:42","modified_gmt":"2026-01-24T03:13:42","slug":"interesante-charla-hernan-montenegro-diserto-en-el-club-nautico","status":"publish","type":"post","link":"https:\/\/eldiariodesanpedro.com.ar\/sitio\/interesante-charla-hernan-montenegro-diserto-en-el-club-nautico\/","title":{"rendered":"INTERESANTE CHARLA: Hern\u00e1n Montenegro disert\u00f3 en el Club N\u00e1utico"},"content":{"rendered":"<p><!-- VideographyWP Plugin Message: Automatic video embedding prevented by plugin options. --><br \/>\n  El exjugador profesional e integrante de la selecci\u00f3n nacional de b\u00e1squetbol Hern\u00e1n Abel Montenegro brind\u00f3 en la noche del s\u00e1bado en el gimnasio del Club una charla sobre El Deporte como Factor Humano, organizada por la Subcomisi\u00f3n de B\u00e1squetbol. El esperado encuentro con este destacado protagonista de la historia del deporte nacional cont\u00f3 con el acompa\u00f1amiento de un buen n\u00famero de p\u00fablico, entre ellos, varios deportistas que siguieron con atenci\u00f3n sus comentarios y reflexiones. Habl\u00f3 sobre la importancia del trabajo mental de un entrenador y de la prevalencia de estos valores sobre los t\u00e1cticos. Se refiri\u00f3 al an\u00e1lisis que los j\u00f3venes deben realizar hoy a la hora de encarar una carrera deportiva y al rol de los adultos que deben acompa\u00f1arlos en ese momento tan especial, desde la familia y desde los clubes.<\/p>\n<p>  Montenegro que tuvo un paso por la NBA record\u00f3 tambi\u00e9n ese per\u00edodo de su carrera, habl\u00f3 de Gin\u00f3bili como un \u00abastronauta\u00bb y coment\u00f3 que a lo largo de su tiempo activo en el deporte tuvo la chance de trabajar con cuatro generaciones de jugadores y entrenadores. Autoridades del Club, invitados especiales y un interesado auditorio de socios y no socios fueron el marco apropiado para esta charla. El Director de Deportes, Guillermo Vel\u00e1zquez le hizo entrega de un presente como testimonio de su paso por esta noche especial para la instituci\u00f3n.<\/p>\n<p>  Hern\u00e1n Montenegro en su cuenta de Facebook public\u00f3: \u201cQuiero agradecer a \u2018Coco\u2019 Carchini por haberme dado la posibilidad de poder compartir mi charla con toda su gente en el Club N\u00e1utico San Pedro. Tuve el privilegio de ser presentado, ni m\u00e1s ni menos que, por el entra\u00f1able Fernando Bravo, con quien adem\u00e1s y junto a la hermosa Flia. Carchini, pasamos una noche inolvidable \u00a1Gracias San Pedro!\u201d<\/p>\n","protected":false},"excerpt":{"rendered":"<p>El exjugador profesional e integrante de la selecci\u00f3n nacional de b\u00e1squetbol Hern\u00e1n Abel Montenegro brind\u00f3 en la noche del s\u00e1bado en el gimnasio del Club una charla sobre El Deporte como Factor Humano, organizada por la Subcomisi\u00f3n de B\u00e1squetbol. El esperado encuentro con este destacado protagonista de la historia del deporte nacional cont\u00f3 con el [&hellip;]<\/p>\n","protected":false},"author":4,"featured_media":32802,"comment_status":"open","ping_status":"closed","sticky":false,"template":"","format":"standard","meta":{"om_disable_all_campaigns":false,"_jetpack_memberships_contains_paid_content":false,"footnotes":""},"categories":[5],"tags":[],"class_list":["post-32800","post","type-post","status-publish","format-standard","has-post-thumbnail","hentry","category-deportes"],"aioseo_notices":[],"gutentor_comment":0,"jetpack_featured_media_url":"https:\/\/eldiariodesanpedro.com.ar\/sitio\/wp-content\/uploads\/2018\/05\/Fernando-Bravo-junto-a-Hern\u00e1n-Montenegro.jpg","jetpack_shortlink":"https:\/\/wp.me\/p6RhLt-8x2","jetpack_sharing_enabled":true,"_links":{"self":[{"href":"https:\/\/eldiariodesanpedro.com.ar\/sitio\/wp-json\/wp\/v2\/posts\/32800","targetHints":{"allow":["GET"]}}],"collection":[{"href":"https:\/\/eldiariodesanpedro.com.ar\/sitio\/wp-json\/wp\/v2\/posts"}],"about":[{"href":"https:\/\/eldiariodesanpedro.com.ar\/sitio\/wp-json\/wp\/v2\/types\/post"}],"author":[{"embeddable":true,"href":"https:\/\/eldiariodesanpedro.com.ar\/sitio\/wp-json\/wp\/v2\/users\/4"}],"replies":[{"embeddable":true,"href":"https:\/\/eldiariodesanpedro.com.ar\/sitio\/wp-json\/wp\/v2\/comments?post=32800"}],"version-history":[{"count":1,"href":"https:\/\/eldiariodesanpedro.com.ar\/sitio\/wp-json\/wp\/v2\/posts\/32800\/revisions"}],"predecessor-version":[{"id":32804,"href":"https:\/\/eldiariodesanpedro.com.ar\/sitio\/wp-json\/wp\/v2\/posts\/32800\/revisions\/32804"}],"wp:featuredmedia":[{"embeddable":true,"href":"https:\/\/eldiariodesanpedro.com.ar\/sitio\/wp-json\/wp\/v2\/media\/32802"}],"wp:attachment":[{"href":"https:\/\/eldiariodesanpedro.com.ar\/sitio\/wp-json\/wp\/v2\/media?parent=32800"}],"wp:term":[{"taxonomy":"category","embeddable":true,"href":"https:\/\/eldiariodesanpedro.com.ar\/sitio\/wp-json\/wp\/v2\/categories?post=32800"},{"taxonomy":"post_tag","embeddable":true,"href":"https:\/\/eldiariodesanpedro.com.ar\/sitio\/wp-json\/wp\/v2\/tags?post=32800"}],"curies":[{"name":"wp","href":"https:\/\/api.w.org\/{rel}","templated":true}]}}