{"id":32793,"date":"2018-05-07T20:50:15","date_gmt":"2018-05-07T23:50:15","guid":{"rendered":"https:\/\/eldiariodesanpedro.com.ar\/sitio\/?p=32793"},"modified":"2018-05-07T20:50:15","modified_gmt":"2018-05-07T23:50:15","slug":"tres-jovenes-victimas-de-motochorros","status":"publish","type":"post","link":"https:\/\/eldiariodesanpedro.com.ar\/sitio\/tres-jovenes-victimas-de-motochorros\/","title":{"rendered":"Tres j\u00f3venes v\u00edctimas de motochorros"},"content":{"rendered":"<p><!-- VideographyWP Plugin Message: Automatic video embedding prevented by plugin options. --><br \/>\nEn la madrugada del s\u00e1bado pasado ocurri\u00f3 un hecho delictivo en la que fueron v\u00edctimas varios j\u00f3venes que caminaban por calles c\u00e9ntricas a los cuales se les sustrajeron pertenencias personales.<\/p>\n<p>Este s\u00e1bado alrededor de las 04 hs se produjo un il\u00edcito sobre calle Ituzaing\u00f3 a metros de llegar a calle Boulevard Moreno donde fueron victimas 3 jovenes que venian caminando siendos estos abordados por dos delincuentes que circulaban en motocicleta quienes les apuntaron con armas de fuego para sustrales las mochilas que llevaban ademas de celulares, camperas y dinero en efectivo.<\/p>\n<p>Seg\u00fan una de las victimas fueron muy violentos hasta el punto de que a uno de ellos el delincuente le puso el arma en la cabeza al no querer entregar sus pertenencias y el otro desde el rodado le dec\u00eda \u00abMatalo, matalo\u00bb. <\/p>\n","protected":false},"excerpt":{"rendered":"<p>En la madrugada del s\u00e1bado pasado ocurri\u00f3 un hecho delictivo en la que fueron v\u00edctimas varios j\u00f3venes que caminaban por calles c\u00e9ntricas a los cuales se les sustrajeron pertenencias personales. Este s\u00e1bado alrededor de las 04 hs se produjo un il\u00edcito sobre calle Ituzaing\u00f3 a metros de llegar a calle Boulevard Moreno donde fueron victimas [&hellip;]<\/p>\n","protected":false},"author":4,"featured_media":26224,"comment_status":"open","ping_status":"closed","sticky":false,"template":"","format":"standard","meta":{"om_disable_all_campaigns":false,"_jetpack_memberships_contains_paid_content":false,"footnotes":""},"categories":[2,103],"tags":[],"class_list":["post-32793","post","type-post","status-publish","format-standard","has-post-thumbnail","hentry","category-locales","category-policiales-locales"],"aioseo_notices":[],"gutentor_comment":0,"jetpack_featured_media_url":"https:\/\/eldiariodesanpedro.com.ar\/sitio\/wp-content\/uploads\/2017\/11\/motochorro-armado.jpg","jetpack_shortlink":"https:\/\/wp.me\/p6RhLt-8wV","jetpack_sharing_enabled":true,"_links":{"self":[{"href":"https:\/\/eldiariodesanpedro.com.ar\/sitio\/wp-json\/wp\/v2\/posts\/32793","targetHints":{"allow":["GET"]}}],"collection":[{"href":"https:\/\/eldiariodesanpedro.com.ar\/sitio\/wp-json\/wp\/v2\/posts"}],"about":[{"href":"https:\/\/eldiariodesanpedro.com.ar\/sitio\/wp-json\/wp\/v2\/types\/post"}],"author":[{"embeddable":true,"href":"https:\/\/eldiariodesanpedro.com.ar\/sitio\/wp-json\/wp\/v2\/users\/4"}],"replies":[{"embeddable":true,"href":"https:\/\/eldiariodesanpedro.com.ar\/sitio\/wp-json\/wp\/v2\/comments?post=32793"}],"version-history":[{"count":1,"href":"https:\/\/eldiariodesanpedro.com.ar\/sitio\/wp-json\/wp\/v2\/posts\/32793\/revisions"}],"predecessor-version":[{"id":32806,"href":"https:\/\/eldiariodesanpedro.com.ar\/sitio\/wp-json\/wp\/v2\/posts\/32793\/revisions\/32806"}],"wp:featuredmedia":[{"embeddable":true,"href":"https:\/\/eldiariodesanpedro.com.ar\/sitio\/wp-json\/wp\/v2\/media\/26224"}],"wp:attachment":[{"href":"https:\/\/eldiariodesanpedro.com.ar\/sitio\/wp-json\/wp\/v2\/media?parent=32793"}],"wp:term":[{"taxonomy":"category","embeddable":true,"href":"https:\/\/eldiariodesanpedro.com.ar\/sitio\/wp-json\/wp\/v2\/categories?post=32793"},{"taxonomy":"post_tag","embeddable":true,"href":"https:\/\/eldiariodesanpedro.com.ar\/sitio\/wp-json\/wp\/v2\/tags?post=32793"}],"curies":[{"name":"wp","href":"https:\/\/api.w.org\/{rel}","templated":true}]}}