{"id":32791,"date":"2018-05-07T20:21:59","date_gmt":"2018-05-07T23:21:59","guid":{"rendered":"https:\/\/eldiariodesanpedro.com.ar\/sitio\/?p=32791"},"modified":"2026-01-24T00:13:43","modified_gmt":"2026-01-24T03:13:43","slug":"federal-a-defensores-de-belgrano-de-villa-ramallo-esta-en-semifinales-luego-de-dejar-en-el-camino-a-alvarado","status":"publish","type":"post","link":"https:\/\/eldiariodesanpedro.com.ar\/sitio\/federal-a-defensores-de-belgrano-de-villa-ramallo-esta-en-semifinales-luego-de-dejar-en-el-camino-a-alvarado\/","title":{"rendered":"FEDERAL A: Defensores de Belgrano de Villa Ramallo est\u00e1 en semifinales, luego de dejar en el camino a Alvarado"},"content":{"rendered":"<p><!-- VideographyWP Plugin Message: Automatic video embedding prevented by plugin options. --><br \/>\n  Defensores de Belgrano de Villa Ramallo y Alvarado de Mar del Plata jugaron el partido desquite de la cuarta fase de la Rev\u00e1lida del Torneo Federal A de f\u00fatbol que organiza el Consejo Federal y clasifica un equipo a la B Nacional, acompa\u00f1ando a Central C\u00f3rdoba de S. del Estero. <\/p>\n<p>  El estadio \u00abSalom\u00f3n Boeseld\u00edn\u00bb se present\u00f3 en excelentes condiciones el piso luego de la intensa lluvia ca\u00edda durante toda la semana en la zona y un marco imponente de p\u00fablico le dio colorido y calor a la gris tarde. Mucho apoyo de los hinchas \u00abgranate\u00bb y medio millar de visitantes acompa\u00f1aron al \u00abtorito\u00bb de Mar del Plata.<\/p>\n<p>  El partido de ida fue empate sin goles, siendo el ganador de hoy el que continuaba en el certamen. Al cabo de los 90 minutos igualaron sin goles, definiendo el pase en la v\u00eda de los penales. <\/p>\n<p>  All\u00ed fue m\u00e1s efectivo Defensores, convirti\u00e9ndose en figura su arquero Brian Olivera, quien rechaz\u00f3 dos remates y en consecuencia termina ganando 4 a 3. <\/p>\n<p><strong>  La definici\u00f3n fue la siguiente:<\/strong><br \/>\n  Convirtieron por Def. de Belgrano Leguizam\u00f3n, Bonetto, Galvaliz y Os\u00e1n, mientras que el remate de Moreno dio en el parante.<br \/>\n  Por Alvarado lograron convertir Ceballos, Riera y Susvielles, en tanto los tiros de Mantia y Molina los rechaz\u00f3 Olivera. <\/p>\n<p><strong>S\u00edntesis<\/strong><br \/>\nDefensores de Belgrano 0 (4) &#8211; Alvarado 0 (3)<br \/>\n(En definici\u00f3n de penales)<br \/>\nDef. de Belgrano: Olivera; Zules, Leguizam\u00f3n, Mignaco, Campolongo; Torrent, Iuval\u00e9, Cartechini y Rub\u00e9n; Bonetto, Castro. DT: H\u00e9ctor Storti. Relevos: Polenta, Luna, Campolongo, Capurro, Freites, Galvaliz y Os\u00e1n.<br \/>\nAlvarado: Rago; Urquiza, Caro, Paulucci, Mart\u00ednez y Mantia; Litre, Palisi, Erviti y Molina; Susvielles. DT: Mauricio Giganti. Relevos: Quinteros, Quiles, Cochi, Riera, Ceballos, Lucero y Albarrac\u00edn.<br \/>\n\u00c1rbitro: Sebasti\u00e1n Ranciglio de Casilda<\/p>\n<p><strong>Semifinales, d\u00edas de juego<\/strong><br \/>\n<strong>Quinta fase<\/strong><br \/>\nIda: mi\u00e9rcoles 9 de mayo.<br \/>\nVuelta: domingo 13 de mayo.<\/p>\n<p><strong>Partidos<\/strong><br \/>\nGimnasia y Esgrima (M) vs. Sp. Belgrano (SF) L<br \/>\nEstudiantes (RC) vs. Defensores de Belgrano (VR) L<\/p>\n<p><strong>Sexta fase<\/strong><br \/>\nIda: domingo 20 de mayo.<br \/>\nVuelta: domingo 27 de mayo. <\/p>\n","protected":false},"excerpt":{"rendered":"<p>Defensores de Belgrano de Villa Ramallo y Alvarado de Mar del Plata jugaron el partido desquite de la cuarta fase de la Rev\u00e1lida del Torneo Federal A de f\u00fatbol que organiza el Consejo Federal y clasifica un equipo a la B Nacional, acompa\u00f1ando a Central C\u00f3rdoba de S. del Estero. El estadio \u00abSalom\u00f3n Boeseld\u00edn\u00bb se [&hellip;]<\/p>\n","protected":false},"author":4,"featured_media":32794,"comment_status":"open","ping_status":"closed","sticky":false,"template":"","format":"standard","meta":{"om_disable_all_campaigns":false,"_jetpack_memberships_contains_paid_content":false,"footnotes":""},"categories":[5],"tags":[],"class_list":["post-32791","post","type-post","status-publish","format-standard","has-post-thumbnail","hentry","category-deportes"],"aioseo_notices":[],"gutentor_comment":0,"jetpack_featured_media_url":"https:\/\/eldiariodesanpedro.com.ar\/sitio\/wp-content\/uploads\/2018\/05\/Defensores-va-por-el-suelo-del-ascenso-a-la-B-Nacional.jpg","jetpack_shortlink":"https:\/\/wp.me\/p6RhLt-8wT","jetpack_sharing_enabled":true,"_links":{"self":[{"href":"https:\/\/eldiariodesanpedro.com.ar\/sitio\/wp-json\/wp\/v2\/posts\/32791","targetHints":{"allow":["GET"]}}],"collection":[{"href":"https:\/\/eldiariodesanpedro.com.ar\/sitio\/wp-json\/wp\/v2\/posts"}],"about":[{"href":"https:\/\/eldiariodesanpedro.com.ar\/sitio\/wp-json\/wp\/v2\/types\/post"}],"author":[{"embeddable":true,"href":"https:\/\/eldiariodesanpedro.com.ar\/sitio\/wp-json\/wp\/v2\/users\/4"}],"replies":[{"embeddable":true,"href":"https:\/\/eldiariodesanpedro.com.ar\/sitio\/wp-json\/wp\/v2\/comments?post=32791"}],"version-history":[{"count":1,"href":"https:\/\/eldiariodesanpedro.com.ar\/sitio\/wp-json\/wp\/v2\/posts\/32791\/revisions"}],"predecessor-version":[{"id":32797,"href":"https:\/\/eldiariodesanpedro.com.ar\/sitio\/wp-json\/wp\/v2\/posts\/32791\/revisions\/32797"}],"wp:featuredmedia":[{"embeddable":true,"href":"https:\/\/eldiariodesanpedro.com.ar\/sitio\/wp-json\/wp\/v2\/media\/32794"}],"wp:attachment":[{"href":"https:\/\/eldiariodesanpedro.com.ar\/sitio\/wp-json\/wp\/v2\/media?parent=32791"}],"wp:term":[{"taxonomy":"category","embeddable":true,"href":"https:\/\/eldiariodesanpedro.com.ar\/sitio\/wp-json\/wp\/v2\/categories?post=32791"},{"taxonomy":"post_tag","embeddable":true,"href":"https:\/\/eldiariodesanpedro.com.ar\/sitio\/wp-json\/wp\/v2\/tags?post=32791"}],"curies":[{"name":"wp","href":"https:\/\/api.w.org\/{rel}","templated":true}]}}