{"id":32788,"date":"2018-05-07T20:17:11","date_gmt":"2018-05-07T23:17:11","guid":{"rendered":"https:\/\/eldiariodesanpedro.com.ar\/sitio\/?p=32788"},"modified":"2018-05-07T20:17:11","modified_gmt":"2018-05-07T23:17:11","slug":"san-nicolas-judiciales-y-medicos-paran-y-se-movilizan-el-jueves","status":"publish","type":"post","link":"https:\/\/eldiariodesanpedro.com.ar\/sitio\/san-nicolas-judiciales-y-medicos-paran-y-se-movilizan-el-jueves\/","title":{"rendered":"SAN NICOL\u00c1S: Judiciales y m\u00e9dicos paran y se movilizan el jueves"},"content":{"rendered":"<p><!-- VideographyWP Plugin Message: Automatic video embedding prevented by plugin options. --><br \/>\nEl 10 de mayo la Asociaci\u00f3n Judicial Bonaerense realizar\u00e1 un paro con movilizaci\u00f3n a la Casa de la Provincia en Ciudad de Buenos Aires en unidad con gremios estatales, para exigir la convocatoria a paritaria.<\/p>\n<p><strong>Judiciales y m\u00e9dicos paran y se movilizan el jueves<\/strong><br \/>\n  AJB y CICOP marchan luego hacia el Congreso de la Naci\u00f3n, donde se unir\u00e1n en sus reclamos con ATE, la CONADU Hist\u00f3rica y otros gremios. ILUSTRACI\u00d3N.<\/p>\n<p>Los judiciales y los m\u00e9dicos har\u00e1n una huelga con movilizaci\u00f3n el jueves pr\u00f3ximo, para exigir convocatoria a paritarias, entre otras demandas.<\/p>\n<p>  \u201cA partir del incumplimiento por parte del Ejecutivo bonaerense del plazo acordado para el inicio de la negociaci\u00f3n paritaria -pautado para el 15 de marzo- los trabajadores judiciales realizaremos un paro total de actividades el pr\u00f3ximo jueves 10 de mayo, y nos movilizaremos junto a los profesionales de la salud enrolados en CICOP frente a la Casa de la Provincia de Buenos Aires. La concentraci\u00f3n ser\u00e1 a las 10 en Avenida de Mayo y Entre R\u00edos, Ciudad de Buenos Aires\u201d, indicaron desde la Asociaci\u00f3n Judicial Bonaerense.<\/p>\n<p>  \u201cDando continuidad al plan de lucha iniciado en marzo, el pr\u00f3ximo jueves volvemos al paro y a movilizar porque el gobierno provincial se niega a dialogar con los trabajadores judiciales, produciendo un serio deterioro en nuestros salarios por la demora en dar inicio a las reuniones paritarias\u201d, expres\u00f3 Pablo Abramovich, secretario general de la AJB.<\/p>\n<p><strong>Uni\u00f3n con m\u00e1s gremios estatales<\/strong><br \/>\n  El gremio marchar\u00e1 luego hacia el Congreso de la Naci\u00f3n, donde se unir\u00e1 en sus reclamos con la Asociaci\u00f3n de Trabajadores del Estado (ATE), la CONADU Hist\u00f3rica y otros gremios que se movilizar\u00e1n ese d\u00eda \u201ccontra el techo salarial del 15%, el freno a los despidos, el aumento de tarifas y los proyectos de reforma laboral impulsados por el gobierno nacional\u201d.<\/p>\n<p>  Los m\u00e9dicos nucleados en la Asociaci\u00f3n Sindical de Profesionales de la Salud (Cicop) cumplieron la semana pasada con un paro de 24 con \u00abuna alta adhesi\u00f3n\u00bb, seg\u00fan detallaron desde el gremio. \u00abLa medida est\u00e1 muy bien. Con una muy alta adhesi\u00f3n y acciones en varios lugares. Hubo mucha repercusi\u00f3n y entendemos que es altamente positiva en su desarrollo\u00bb, hab\u00eda manifestado el presidente de Cicop, Fernando Corsiglia, sobre la protesta.<br \/>\n  Asimismo, el sindicalista se\u00f1al\u00f3 que a\u00fan no han \u00abtenido ninguna comunicaci\u00f3n con el Gobierno\u00bb. \u00abEsperamos que se decida lo que se tiene que decidir que es la convocatoria a paritarias para discutir salarios y condiciones laborales\u00bb, agreg\u00f3.<\/p>\n","protected":false},"excerpt":{"rendered":"<p>El 10 de mayo la Asociaci\u00f3n Judicial Bonaerense realizar\u00e1 un paro con movilizaci\u00f3n a la Casa de la Provincia en Ciudad de Buenos Aires en unidad con gremios estatales, para exigir la convocatoria a paritaria. Judiciales y m\u00e9dicos paran y se movilizan el jueves AJB y CICOP marchan luego hacia el Congreso de la Naci\u00f3n, [&hellip;]<\/p>\n","protected":false},"author":4,"featured_media":32790,"comment_status":"open","ping_status":"closed","sticky":false,"template":"","format":"standard","meta":{"om_disable_all_campaigns":false,"_jetpack_memberships_contains_paid_content":false,"footnotes":""},"categories":[621],"tags":[],"class_list":["post-32788","post","type-post","status-publish","format-standard","has-post-thumbnail","hentry","category-regionales"],"aioseo_notices":[],"gutentor_comment":0,"jetpack_featured_media_url":"https:\/\/eldiariodesanpedro.com.ar\/sitio\/wp-content\/uploads\/2018\/05\/10M-Paro-con-movilizaci\u00f3n-a-la-Casa-de-la-Provincia-en-Ciudad-de-Buenos-Aires-.jpg","jetpack_shortlink":"https:\/\/wp.me\/p6RhLt-8wQ","jetpack_sharing_enabled":true,"_links":{"self":[{"href":"https:\/\/eldiariodesanpedro.com.ar\/sitio\/wp-json\/wp\/v2\/posts\/32788","targetHints":{"allow":["GET"]}}],"collection":[{"href":"https:\/\/eldiariodesanpedro.com.ar\/sitio\/wp-json\/wp\/v2\/posts"}],"about":[{"href":"https:\/\/eldiariodesanpedro.com.ar\/sitio\/wp-json\/wp\/v2\/types\/post"}],"author":[{"embeddable":true,"href":"https:\/\/eldiariodesanpedro.com.ar\/sitio\/wp-json\/wp\/v2\/users\/4"}],"replies":[{"embeddable":true,"href":"https:\/\/eldiariodesanpedro.com.ar\/sitio\/wp-json\/wp\/v2\/comments?post=32788"}],"version-history":[{"count":1,"href":"https:\/\/eldiariodesanpedro.com.ar\/sitio\/wp-json\/wp\/v2\/posts\/32788\/revisions"}],"predecessor-version":[{"id":32792,"href":"https:\/\/eldiariodesanpedro.com.ar\/sitio\/wp-json\/wp\/v2\/posts\/32788\/revisions\/32792"}],"wp:featuredmedia":[{"embeddable":true,"href":"https:\/\/eldiariodesanpedro.com.ar\/sitio\/wp-json\/wp\/v2\/media\/32790"}],"wp:attachment":[{"href":"https:\/\/eldiariodesanpedro.com.ar\/sitio\/wp-json\/wp\/v2\/media?parent=32788"}],"wp:term":[{"taxonomy":"category","embeddable":true,"href":"https:\/\/eldiariodesanpedro.com.ar\/sitio\/wp-json\/wp\/v2\/categories?post=32788"},{"taxonomy":"post_tag","embeddable":true,"href":"https:\/\/eldiariodesanpedro.com.ar\/sitio\/wp-json\/wp\/v2\/tags?post=32788"}],"curies":[{"name":"wp","href":"https:\/\/api.w.org\/{rel}","templated":true}]}}