{"id":32779,"date":"2018-05-07T20:12:58","date_gmt":"2018-05-07T23:12:58","guid":{"rendered":"https:\/\/eldiariodesanpedro.com.ar\/sitio\/?p=32779"},"modified":"2018-05-07T20:12:58","modified_gmt":"2018-05-07T23:12:58","slug":"san-nicolas-fallecio-el-joven-motociclista-que-choco-contra-una-partner-que-se-dio-a-la-fuga","status":"publish","type":"post","link":"https:\/\/eldiariodesanpedro.com.ar\/sitio\/san-nicolas-fallecio-el-joven-motociclista-que-choco-contra-una-partner-que-se-dio-a-la-fuga\/","title":{"rendered":"SAN NICOL\u00c1S: Falleci\u00f3 el joven motociclista que choc\u00f3 contra una Partner que se dio a la fuga"},"content":{"rendered":"<p><!-- VideographyWP Plugin Message: Automatic video embedding prevented by plugin options. --><br \/>\nLucas Crisman, el joven de 21 a\u00f1os domiciliado en el barrio Santa Rosa, que viajaba en su moto y colision\u00f3 con una Peugeot Partner blanca cuyo conductor se dio a la fuga luego del accidente, falleci\u00f3 el domingo. Ayer por la ma\u00f1ana hac\u00edan la autopsia.<\/p>\n<p>  El s\u00e1bado a la madrugada, aproximadamente a las 6 hs., un joven que tripulaba una motocicleta Zanella 110 CC negra impact\u00f3 contra un utilitario blanco en la esquina de las calles Ponce de Le\u00f3n y Alvear. Ese rodado, descripto como una Peugeot Partner blanca, se dio a la fuga tras observar la situaci\u00f3n durante unos segundos.<\/p>\n<p><strong>Fallecimiento<\/strong><br \/>\n  El tripulante de la moto llev\u00f3 la peor parte y en estas \u00faltimas horas falleci\u00f3 tras estar internado en la Unidad de Terapia Intensiva del Hospital San Felipe. Se trata de Lucas Crisman, de tan solo 21 a\u00f1os, dedicado a la actividad de la mec\u00e1nica.<br \/>\n  Un amigo ven\u00eda detr\u00e1s de Lucas en una motocicleta 150 CC roja, afirmando que la camioneta blanca anduvo unos metros m\u00e1s, se detuvo por Alvear, estuvo un tiempo y luego continu\u00f3 su camino sin bajarse a observar lo que hab\u00eda ocurrido.<\/p>\n<p><strong>Choque el s\u00e1bado <\/strong><br \/>\n  La colisi\u00f3n fue este s\u00e1bado a las 6:00, convirti\u00e9ndose Lucas Crisman en la und\u00e9cima v\u00edctima fatal por accidente de tr\u00e1nsito que padece San Nicol\u00e1s en este 2018.<br \/>\n  El cuerpo de Lucas fue sometido ayer por la ma\u00f1ana a la operaci\u00f3n de autopsia. Mientras la polic\u00eda y la DDI buscan al conductor del veh\u00edculo que se dio a la fuga abandonando a Lucas a su suerte, adem\u00e1s, revisan las filmaciones de las c\u00e1maras de seguridad de la zona. Los familiares est\u00e1n pidiendo testigos o gente que pueda tener alg\u00fan dato o sospecha sobre alg\u00fan veh\u00edculo similar. Es un utilitario blanco Peugeot Partner. <\/p>\n<p><strong>Seguro cambio de car\u00e1tula<\/strong><br \/>\n  La car\u00e1tula de la causa hasta ahora era de \u201clesiones culposas\u201d, seguramente cambiar\u00e1 tras el fallecimiento del joven. Est\u00e1 en la \u00f3rbita de la Unidad Funcional de Instrucci\u00f3n n\u00famero 6.<\/p>\n","protected":false},"excerpt":{"rendered":"<p>Lucas Crisman, el joven de 21 a\u00f1os domiciliado en el barrio Santa Rosa, que viajaba en su moto y colision\u00f3 con una Peugeot Partner blanca cuyo conductor se dio a la fuga luego del accidente, falleci\u00f3 el domingo. Ayer por la ma\u00f1ana hac\u00edan la autopsia. El s\u00e1bado a la madrugada, aproximadamente a las 6 hs., [&hellip;]<\/p>\n","protected":false},"author":4,"featured_media":32782,"comment_status":"open","ping_status":"closed","sticky":false,"template":"","format":"standard","meta":{"om_disable_all_campaigns":false,"_jetpack_memberships_contains_paid_content":false,"footnotes":""},"categories":[621],"tags":[],"class_list":["post-32779","post","type-post","status-publish","format-standard","has-post-thumbnail","hentry","category-regionales"],"aioseo_notices":[],"gutentor_comment":0,"jetpack_featured_media_url":"https:\/\/eldiariodesanpedro.com.ar\/sitio\/wp-content\/uploads\/2018\/05\/lucas-crisman-facebook.jpg","jetpack_shortlink":"https:\/\/wp.me\/p6RhLt-8wH","jetpack_sharing_enabled":true,"_links":{"self":[{"href":"https:\/\/eldiariodesanpedro.com.ar\/sitio\/wp-json\/wp\/v2\/posts\/32779","targetHints":{"allow":["GET"]}}],"collection":[{"href":"https:\/\/eldiariodesanpedro.com.ar\/sitio\/wp-json\/wp\/v2\/posts"}],"about":[{"href":"https:\/\/eldiariodesanpedro.com.ar\/sitio\/wp-json\/wp\/v2\/types\/post"}],"author":[{"embeddable":true,"href":"https:\/\/eldiariodesanpedro.com.ar\/sitio\/wp-json\/wp\/v2\/users\/4"}],"replies":[{"embeddable":true,"href":"https:\/\/eldiariodesanpedro.com.ar\/sitio\/wp-json\/wp\/v2\/comments?post=32779"}],"version-history":[{"count":1,"href":"https:\/\/eldiariodesanpedro.com.ar\/sitio\/wp-json\/wp\/v2\/posts\/32779\/revisions"}],"predecessor-version":[{"id":32784,"href":"https:\/\/eldiariodesanpedro.com.ar\/sitio\/wp-json\/wp\/v2\/posts\/32779\/revisions\/32784"}],"wp:featuredmedia":[{"embeddable":true,"href":"https:\/\/eldiariodesanpedro.com.ar\/sitio\/wp-json\/wp\/v2\/media\/32782"}],"wp:attachment":[{"href":"https:\/\/eldiariodesanpedro.com.ar\/sitio\/wp-json\/wp\/v2\/media?parent=32779"}],"wp:term":[{"taxonomy":"category","embeddable":true,"href":"https:\/\/eldiariodesanpedro.com.ar\/sitio\/wp-json\/wp\/v2\/categories?post=32779"},{"taxonomy":"post_tag","embeddable":true,"href":"https:\/\/eldiariodesanpedro.com.ar\/sitio\/wp-json\/wp\/v2\/tags?post=32779"}],"curies":[{"name":"wp","href":"https:\/\/api.w.org\/{rel}","templated":true}]}}