{"id":32775,"date":"2018-05-07T20:09:08","date_gmt":"2018-05-07T23:09:08","guid":{"rendered":"https:\/\/eldiariodesanpedro.com.ar\/sitio\/?p=32775"},"modified":"2018-05-07T20:09:08","modified_gmt":"2018-05-07T23:09:08","slug":"salazar-participo-de-un-viaje-de-intendentes-y-productores-a-estados-unidos","status":"publish","type":"post","link":"https:\/\/eldiariodesanpedro.com.ar\/sitio\/salazar-participo-de-un-viaje-de-intendentes-y-productores-a-estados-unidos\/","title":{"rendered":"Salazar particip\u00f3 de un viaje de Intendentes y Productores a Estados Unidos"},"content":{"rendered":"<p><!-- VideographyWP Plugin Message: Automatic video embedding prevented by plugin options. --><br \/>\nRegres\u00f3 a San Pedro el Intendente Cecilio Salazar luego de un recorrido por Municipios, Centros de Instigaci\u00f3n Agropecuarios y Empresas Agropecuarias de las ciudades de Saint Louis, Chesterfield, Bloomington y Chicago de Estados Unidos. <\/p>\n<p>  La delegaci\u00f3n realiz\u00f3 una recorrida organizada por CREA y RIL, con el prop\u00f3sito de generar nuevas inquietudes, recoger experiencias exitosas e interactuar entre el sector p\u00fablico y privado para promover iniciativas que se adapten a las posibilidades de las ciudades representadas por sus intendentes.<\/p>\n<p>  Adem\u00e1s de Cecilio Salazar Intendente de San Pedro, participaron del viaje otros ocho intendentes de la Provincia de Buenos Aires de ciudades tales como Pergamino, Carlos Casares, 9 de Julio, San Nicol\u00e1s, Bragado, Jun\u00edn, Rojas y Alberti, el Diputado Nacional Pablo Torello, productores agropecuarios y representantes de las organizaciones RIL y CREA que promovieron esta invitaci\u00f3n.<\/p>\n<p>  Los sitios elegidos para visitas y reuniones tuvieron una fuerte impronta rural, considerando que en las regiones de Saint Louis e Illinois la potencia de la agricultura y la agroindustria es notable.<\/p>\n<p>  Visitaron granjas con una esencia similar a la de muchas en nuestro pa\u00eds con programas de fomento y control sobre los que recibieron importante informaci\u00f3n. Fueron recibidos por gobiernos comunales, autoridades educativas y representantes de c\u00e1maras de productores que interact\u00faan con los productores y los vecinos.<\/p>\n<p>  Ejemplos de pol\u00edticas de desarrollo a mediano y largo plazo compartidas con las comunidades, muchas de las ciudades visitadas constituyen experiencias exitosas que son tomadas como referencia en todo el mundo. En Chicago fueron recibidos por autoridades pol\u00edticas e institucionales y compartieron charlas sobre ejes de gesti\u00f3n y educaci\u00f3n.<\/p>\n<p>  La generaci\u00f3n de nuevos contactos en las zonas visitadas y tambi\u00e9n el fortalecimiento del v\u00ednculo con las ciudades representadas en este recorrido tambi\u00e9n aportar\u00e1n nuevas acciones en las que desde la organizaci\u00f3n del viaje se propondr\u00e1n nuevas articulaciones.<\/p>\n","protected":false},"excerpt":{"rendered":"<p>Regres\u00f3 a San Pedro el Intendente Cecilio Salazar luego de un recorrido por Municipios, Centros de Instigaci\u00f3n Agropecuarios y Empresas Agropecuarias de las ciudades de Saint Louis, Chesterfield, Bloomington y Chicago de Estados Unidos. La delegaci\u00f3n realiz\u00f3 una recorrida organizada por CREA y RIL, con el prop\u00f3sito de generar nuevas inquietudes, recoger experiencias exitosas e [&hellip;]<\/p>\n","protected":false},"author":4,"featured_media":24711,"comment_status":"open","ping_status":"closed","sticky":false,"template":"","format":"standard","meta":{"om_disable_all_campaigns":false,"_jetpack_memberships_contains_paid_content":false,"footnotes":""},"categories":[2,102],"tags":[],"class_list":["post-32775","post","type-post","status-publish","format-standard","has-post-thumbnail","hentry","category-locales","category-politica-locales"],"aioseo_notices":[],"gutentor_comment":0,"jetpack_featured_media_url":"https:\/\/eldiariodesanpedro.com.ar\/sitio\/wp-content\/uploads\/2017\/10\/cecilio-salazar.jpeg","jetpack_shortlink":"https:\/\/wp.me\/p6RhLt-8wD","jetpack_sharing_enabled":true,"_links":{"self":[{"href":"https:\/\/eldiariodesanpedro.com.ar\/sitio\/wp-json\/wp\/v2\/posts\/32775","targetHints":{"allow":["GET"]}}],"collection":[{"href":"https:\/\/eldiariodesanpedro.com.ar\/sitio\/wp-json\/wp\/v2\/posts"}],"about":[{"href":"https:\/\/eldiariodesanpedro.com.ar\/sitio\/wp-json\/wp\/v2\/types\/post"}],"author":[{"embeddable":true,"href":"https:\/\/eldiariodesanpedro.com.ar\/sitio\/wp-json\/wp\/v2\/users\/4"}],"replies":[{"embeddable":true,"href":"https:\/\/eldiariodesanpedro.com.ar\/sitio\/wp-json\/wp\/v2\/comments?post=32775"}],"version-history":[{"count":1,"href":"https:\/\/eldiariodesanpedro.com.ar\/sitio\/wp-json\/wp\/v2\/posts\/32775\/revisions"}],"predecessor-version":[{"id":32780,"href":"https:\/\/eldiariodesanpedro.com.ar\/sitio\/wp-json\/wp\/v2\/posts\/32775\/revisions\/32780"}],"wp:featuredmedia":[{"embeddable":true,"href":"https:\/\/eldiariodesanpedro.com.ar\/sitio\/wp-json\/wp\/v2\/media\/24711"}],"wp:attachment":[{"href":"https:\/\/eldiariodesanpedro.com.ar\/sitio\/wp-json\/wp\/v2\/media?parent=32775"}],"wp:term":[{"taxonomy":"category","embeddable":true,"href":"https:\/\/eldiariodesanpedro.com.ar\/sitio\/wp-json\/wp\/v2\/categories?post=32775"},{"taxonomy":"post_tag","embeddable":true,"href":"https:\/\/eldiariodesanpedro.com.ar\/sitio\/wp-json\/wp\/v2\/tags?post=32775"}],"curies":[{"name":"wp","href":"https:\/\/api.w.org\/{rel}","templated":true}]}}