{"id":32774,"date":"2018-05-07T20:09:42","date_gmt":"2018-05-07T23:09:42","guid":{"rendered":"https:\/\/eldiariodesanpedro.com.ar\/sitio\/?p=32774"},"modified":"2018-05-07T20:14:45","modified_gmt":"2018-05-07T23:14:45","slug":"operativo-de-interceptacion-vehicular-dirigido-por-seguridad-vial","status":"publish","type":"post","link":"https:\/\/eldiariodesanpedro.com.ar\/sitio\/operativo-de-interceptacion-vehicular-dirigido-por-seguridad-vial\/","title":{"rendered":"Operativo de interceptaci\u00f3n vehicular dirigido por Seguridad Vial"},"content":{"rendered":"<p><!-- VideographyWP Plugin Message: Automatic video embedding prevented by plugin options. --><br \/>\nSe llev\u00f3 a cabo en el acceso de la ciudad un mega operativo de interpretaci\u00f3n tanto vehicular como de personas dispuesto por la superintendencia de seguridad vial del Ministerio de Seguridad a trav\u00e9s del destacamento de seguridad vial San Pedro, y con el apoyo de destacamento de R\u00edo Tala, Polic\u00eda Rural y Polic\u00eda Local.<\/p>\n<p>Durante la tarde de este lunes hasta las 19 hs se desarrollo un mega operativo donde se realizo control de veh\u00edculos y personas sobre la ruta 1001 en el acceso a la localidad de R\u00edo Tala y Ex Ruta Nacional 9.<\/p>\n<p>En el lugar se dispuso la presencia del personal de Seguridad Vial quienes presentaron los nuevos veh\u00edculos y herramientas de trabajo, como por ejemplo motos BMW, Gazebo y veh\u00edculos Peugeot Partner.<\/p>\n<p>Como resultado se hicieron diferentes actas de infracciones que ser\u00e1n remitida al Juzgado de Faltas Administrativo Provincial de la localidad de Don Torcuato.<\/p>\n<p><img decoding=\"async\" data-attachment-id=\"32777\" data-permalink=\"https:\/\/eldiariodesanpedro.com.ar\/sitio\/operativo-de-interceptacion-vehicular-dirigido-por-seguridad-vial\/whatsapp-image-2018-05-07-at-18-57-41\/\" data-orig-file=\"https:\/\/eldiariodesanpedro.com.ar\/sitio\/wp-content\/uploads\/2018\/05\/WhatsApp-Image-2018-05-07-at-18.57.41.jpeg\" data-orig-size=\"1280,408\" data-comments-opened=\"1\" data-image-meta=\"{&quot;aperture&quot;:&quot;0&quot;,&quot;credit&quot;:&quot;&quot;,&quot;camera&quot;:&quot;&quot;,&quot;caption&quot;:&quot;&quot;,&quot;created_timestamp&quot;:&quot;0&quot;,&quot;copyright&quot;:&quot;&quot;,&quot;focal_length&quot;:&quot;0&quot;,&quot;iso&quot;:&quot;0&quot;,&quot;shutter_speed&quot;:&quot;0&quot;,&quot;title&quot;:&quot;&quot;,&quot;orientation&quot;:&quot;0&quot;}\" data-image-title=\"WhatsApp Image 2018-05-07 at 18.57.41\" data-image-description=\"\" data-image-caption=\"\" data-large-file=\"https:\/\/eldiariodesanpedro.com.ar\/sitio\/wp-content\/uploads\/2018\/05\/WhatsApp-Image-2018-05-07-at-18.57.41-1024x326.jpeg\" data-src=\"https:\/\/eldiariodesanpedro.com.ar\/sitio\/wp-content\/uploads\/2018\/05\/WhatsApp-Image-2018-05-07-at-18.57.41-1024x326.jpeg\" alt=\"\" width=\"660\" height=\"210\" class=\"alignnone size-large wp-image-32777 lazyload\" data-srcset=\"https:\/\/eldiariodesanpedro.com.ar\/sitio\/wp-content\/uploads\/2018\/05\/WhatsApp-Image-2018-05-07-at-18.57.41-1024x326.jpeg 1024w, https:\/\/eldiariodesanpedro.com.ar\/sitio\/wp-content\/uploads\/2018\/05\/WhatsApp-Image-2018-05-07-at-18.57.41-300x96.jpeg 300w, https:\/\/eldiariodesanpedro.com.ar\/sitio\/wp-content\/uploads\/2018\/05\/WhatsApp-Image-2018-05-07-at-18.57.41-768x245.jpeg 768w, https:\/\/eldiariodesanpedro.com.ar\/sitio\/wp-content\/uploads\/2018\/05\/WhatsApp-Image-2018-05-07-at-18.57.41.jpeg 1280w\" data-sizes=\"(max-width: 660px) 100vw, 660px\" src=\"data:image\/svg+xml;base64,PHN2ZyB3aWR0aD0iMSIgaGVpZ2h0PSIxIiB4bWxucz0iaHR0cDovL3d3dy53My5vcmcvMjAwMC9zdmciPjwvc3ZnPg==\" style=\"--smush-placeholder-width: 660px; --smush-placeholder-aspect-ratio: 660\/210;\" \/><\/p>\n<p><img decoding=\"async\" data-attachment-id=\"32778\" data-permalink=\"https:\/\/eldiariodesanpedro.com.ar\/sitio\/operativo-de-interceptacion-vehicular-dirigido-por-seguridad-vial\/whatsapp-image-2018-05-07-at-18-57-42\/\" data-orig-file=\"https:\/\/eldiariodesanpedro.com.ar\/sitio\/wp-content\/uploads\/2018\/05\/WhatsApp-Image-2018-05-07-at-18.57.42.jpeg\" data-orig-size=\"720,1280\" data-comments-opened=\"1\" data-image-meta=\"{&quot;aperture&quot;:&quot;0&quot;,&quot;credit&quot;:&quot;&quot;,&quot;camera&quot;:&quot;&quot;,&quot;caption&quot;:&quot;&quot;,&quot;created_timestamp&quot;:&quot;0&quot;,&quot;copyright&quot;:&quot;&quot;,&quot;focal_length&quot;:&quot;0&quot;,&quot;iso&quot;:&quot;0&quot;,&quot;shutter_speed&quot;:&quot;0&quot;,&quot;title&quot;:&quot;&quot;,&quot;orientation&quot;:&quot;0&quot;}\" data-image-title=\"WhatsApp Image 2018-05-07 at 18.57.42\" data-image-description=\"\" data-image-caption=\"\" data-large-file=\"https:\/\/eldiariodesanpedro.com.ar\/sitio\/wp-content\/uploads\/2018\/05\/WhatsApp-Image-2018-05-07-at-18.57.42-576x1024.jpeg\" data-src=\"https:\/\/eldiariodesanpedro.com.ar\/sitio\/wp-content\/uploads\/2018\/05\/WhatsApp-Image-2018-05-07-at-18.57.42-576x1024.jpeg\" alt=\"\" width=\"576\" height=\"1024\" class=\"alignnone size-large wp-image-32778 lazyload\" data-srcset=\"https:\/\/eldiariodesanpedro.com.ar\/sitio\/wp-content\/uploads\/2018\/05\/WhatsApp-Image-2018-05-07-at-18.57.42-576x1024.jpeg 576w, https:\/\/eldiariodesanpedro.com.ar\/sitio\/wp-content\/uploads\/2018\/05\/WhatsApp-Image-2018-05-07-at-18.57.42-169x300.jpeg 169w, https:\/\/eldiariodesanpedro.com.ar\/sitio\/wp-content\/uploads\/2018\/05\/WhatsApp-Image-2018-05-07-at-18.57.42.jpeg 720w\" data-sizes=\"(max-width: 576px) 100vw, 576px\" src=\"data:image\/svg+xml;base64,PHN2ZyB3aWR0aD0iMSIgaGVpZ2h0PSIxIiB4bWxucz0iaHR0cDovL3d3dy53My5vcmcvMjAwMC9zdmciPjwvc3ZnPg==\" style=\"--smush-placeholder-width: 576px; --smush-placeholder-aspect-ratio: 576\/1024;\" \/><\/p>\n","protected":false},"excerpt":{"rendered":"<p>Se llev\u00f3 a cabo en el acceso de la ciudad un mega operativo de interpretaci\u00f3n tanto vehicular como de personas dispuesto por la superintendencia de seguridad vial del Ministerio de Seguridad a trav\u00e9s del destacamento de seguridad vial San Pedro, y con el apoyo de destacamento de R\u00edo Tala, Polic\u00eda Rural y Polic\u00eda Local. Durante [&hellip;]<\/p>\n","protected":false},"author":4,"featured_media":32776,"comment_status":"open","ping_status":"closed","sticky":false,"template":"","format":"standard","meta":{"om_disable_all_campaigns":false,"_jetpack_memberships_contains_paid_content":false,"footnotes":""},"categories":[2,103],"tags":[],"class_list":["post-32774","post","type-post","status-publish","format-standard","has-post-thumbnail","hentry","category-locales","category-policiales-locales"],"aioseo_notices":[],"gutentor_comment":0,"jetpack_featured_media_url":"https:\/\/eldiariodesanpedro.com.ar\/sitio\/wp-content\/uploads\/2018\/05\/PAGINA-5-DOS.jpeg","jetpack_shortlink":"https:\/\/wp.me\/p6RhLt-8wC","jetpack_sharing_enabled":true,"_links":{"self":[{"href":"https:\/\/eldiariodesanpedro.com.ar\/sitio\/wp-json\/wp\/v2\/posts\/32774","targetHints":{"allow":["GET"]}}],"collection":[{"href":"https:\/\/eldiariodesanpedro.com.ar\/sitio\/wp-json\/wp\/v2\/posts"}],"about":[{"href":"https:\/\/eldiariodesanpedro.com.ar\/sitio\/wp-json\/wp\/v2\/types\/post"}],"author":[{"embeddable":true,"href":"https:\/\/eldiariodesanpedro.com.ar\/sitio\/wp-json\/wp\/v2\/users\/4"}],"replies":[{"embeddable":true,"href":"https:\/\/eldiariodesanpedro.com.ar\/sitio\/wp-json\/wp\/v2\/comments?post=32774"}],"version-history":[{"count":3,"href":"https:\/\/eldiariodesanpedro.com.ar\/sitio\/wp-json\/wp\/v2\/posts\/32774\/revisions"}],"predecessor-version":[{"id":32787,"href":"https:\/\/eldiariodesanpedro.com.ar\/sitio\/wp-json\/wp\/v2\/posts\/32774\/revisions\/32787"}],"wp:featuredmedia":[{"embeddable":true,"href":"https:\/\/eldiariodesanpedro.com.ar\/sitio\/wp-json\/wp\/v2\/media\/32776"}],"wp:attachment":[{"href":"https:\/\/eldiariodesanpedro.com.ar\/sitio\/wp-json\/wp\/v2\/media?parent=32774"}],"wp:term":[{"taxonomy":"category","embeddable":true,"href":"https:\/\/eldiariodesanpedro.com.ar\/sitio\/wp-json\/wp\/v2\/categories?post=32774"},{"taxonomy":"post_tag","embeddable":true,"href":"https:\/\/eldiariodesanpedro.com.ar\/sitio\/wp-json\/wp\/v2\/tags?post=32774"}],"curies":[{"name":"wp","href":"https:\/\/api.w.org\/{rel}","templated":true}]}}