{"id":32769,"date":"2018-05-07T18:43:08","date_gmt":"2018-05-07T21:43:08","guid":{"rendered":"https:\/\/eldiariodesanpedro.com.ar\/sitio\/?p=32769"},"modified":"2018-05-07T18:43:08","modified_gmt":"2018-05-07T21:43:08","slug":"le-robaron-su-herramienta-de-trabajo","status":"publish","type":"post","link":"https:\/\/eldiariodesanpedro.com.ar\/sitio\/le-robaron-su-herramienta-de-trabajo\/","title":{"rendered":"Le robaron su herramienta de trabajo"},"content":{"rendered":"<p><!-- VideographyWP Plugin Message: Automatic video embedding prevented by plugin options. --><br \/>\nOtro hecho delictivo se produjo en la madrugada del domingo en el Barrio San Roque en una vivienda ubicada en Sargento Selada al 1500.<\/p>\n<p>Dialogamos con Santiago qui\u00e9n hizo p\u00fablico lo que pas\u00f3 y cuenta que tuvo que viajar a las 5 de la madrugada y en horas de la ma\u00f1ana un familiar le advierten que hab\u00edan ingresado al patio de su casa, tras forzar el port\u00f3n y que le hab\u00edan sustra\u00eddo su motoguada\u00f1a.<\/p>\n<p>En ese momento se encontraba el resto de su familia descansado quienes no escucharon ning\u00fan ruido.<\/p>\n<p>Tambi\u00e9n nos dice: \u00abLa gente me conoce como Pana vendo bolitas, tortas fritas con caf\u00e9 y corto pasto, me la rebusco c\u00f3mo puedo d\u00eda a d\u00eda. Me siento indignado con una angustia terrible\u00bb.<\/p>\n<p>A trav\u00e9s de las redes sociales este hombre solicito ayuda a la sociedad para dar con el paradero de su herramienta de trabajo, a cualquier informaci\u00f3n comunicarse con el.<\/p>\n<p><img decoding=\"async\" data-attachment-id=\"32771\" data-permalink=\"https:\/\/eldiariodesanpedro.com.ar\/sitio\/le-robaron-su-herramienta-de-trabajo\/31956069_764345340441274_7334241791379505152_n\/\" data-orig-file=\"https:\/\/eldiariodesanpedro.com.ar\/sitio\/wp-content\/uploads\/2018\/05\/31956069_764345340441274_7334241791379505152_n.jpg\" data-orig-size=\"635,960\" data-comments-opened=\"1\" data-image-meta=\"{&quot;aperture&quot;:&quot;0&quot;,&quot;credit&quot;:&quot;&quot;,&quot;camera&quot;:&quot;&quot;,&quot;caption&quot;:&quot;&quot;,&quot;created_timestamp&quot;:&quot;0&quot;,&quot;copyright&quot;:&quot;&quot;,&quot;focal_length&quot;:&quot;0&quot;,&quot;iso&quot;:&quot;0&quot;,&quot;shutter_speed&quot;:&quot;0&quot;,&quot;title&quot;:&quot;&quot;,&quot;orientation&quot;:&quot;0&quot;}\" data-image-title=\"31956069_764345340441274_7334241791379505152_n\" data-image-description=\"\" data-image-caption=\"\" data-large-file=\"https:\/\/eldiariodesanpedro.com.ar\/sitio\/wp-content\/uploads\/2018\/05\/31956069_764345340441274_7334241791379505152_n.jpg\" class=\"size-full wp-image-32771 aligncenter lazyload\" data-src=\"https:\/\/eldiariodesanpedro.com.ar\/sitio\/wp-content\/uploads\/2018\/05\/31956069_764345340441274_7334241791379505152_n.jpg\" alt=\"\" width=\"635\" height=\"960\" data-srcset=\"https:\/\/eldiariodesanpedro.com.ar\/sitio\/wp-content\/uploads\/2018\/05\/31956069_764345340441274_7334241791379505152_n.jpg 635w, https:\/\/eldiariodesanpedro.com.ar\/sitio\/wp-content\/uploads\/2018\/05\/31956069_764345340441274_7334241791379505152_n-198x300.jpg 198w\" data-sizes=\"(max-width: 635px) 100vw, 635px\" src=\"data:image\/svg+xml;base64,PHN2ZyB3aWR0aD0iMSIgaGVpZ2h0PSIxIiB4bWxucz0iaHR0cDovL3d3dy53My5vcmcvMjAwMC9zdmciPjwvc3ZnPg==\" style=\"--smush-placeholder-width: 635px; --smush-placeholder-aspect-ratio: 635\/960;\" \/><\/p>\n","protected":false},"excerpt":{"rendered":"<p>Otro hecho delictivo se produjo en la madrugada del domingo en el Barrio San Roque en una vivienda ubicada en Sargento Selada al 1500. Dialogamos con Santiago qui\u00e9n hizo p\u00fablico lo que pas\u00f3 y cuenta que tuvo que viajar a las 5 de la madrugada y en horas de la ma\u00f1ana un familiar le advierten [&hellip;]<\/p>\n","protected":false},"author":4,"featured_media":32770,"comment_status":"open","ping_status":"closed","sticky":false,"template":"","format":"standard","meta":{"om_disable_all_campaigns":false,"_jetpack_memberships_contains_paid_content":false,"footnotes":""},"categories":[2,103],"tags":[],"class_list":["post-32769","post","type-post","status-publish","format-standard","has-post-thumbnail","hentry","category-locales","category-policiales-locales"],"aioseo_notices":[],"gutentor_comment":0,"jetpack_featured_media_url":"https:\/\/eldiariodesanpedro.com.ar\/sitio\/wp-content\/uploads\/2018\/05\/Seba.jpg","jetpack_shortlink":"https:\/\/wp.me\/p6RhLt-8wx","jetpack_sharing_enabled":true,"_links":{"self":[{"href":"https:\/\/eldiariodesanpedro.com.ar\/sitio\/wp-json\/wp\/v2\/posts\/32769","targetHints":{"allow":["GET"]}}],"collection":[{"href":"https:\/\/eldiariodesanpedro.com.ar\/sitio\/wp-json\/wp\/v2\/posts"}],"about":[{"href":"https:\/\/eldiariodesanpedro.com.ar\/sitio\/wp-json\/wp\/v2\/types\/post"}],"author":[{"embeddable":true,"href":"https:\/\/eldiariodesanpedro.com.ar\/sitio\/wp-json\/wp\/v2\/users\/4"}],"replies":[{"embeddable":true,"href":"https:\/\/eldiariodesanpedro.com.ar\/sitio\/wp-json\/wp\/v2\/comments?post=32769"}],"version-history":[{"count":1,"href":"https:\/\/eldiariodesanpedro.com.ar\/sitio\/wp-json\/wp\/v2\/posts\/32769\/revisions"}],"predecessor-version":[{"id":32772,"href":"https:\/\/eldiariodesanpedro.com.ar\/sitio\/wp-json\/wp\/v2\/posts\/32769\/revisions\/32772"}],"wp:featuredmedia":[{"embeddable":true,"href":"https:\/\/eldiariodesanpedro.com.ar\/sitio\/wp-json\/wp\/v2\/media\/32770"}],"wp:attachment":[{"href":"https:\/\/eldiariodesanpedro.com.ar\/sitio\/wp-json\/wp\/v2\/media?parent=32769"}],"wp:term":[{"taxonomy":"category","embeddable":true,"href":"https:\/\/eldiariodesanpedro.com.ar\/sitio\/wp-json\/wp\/v2\/categories?post=32769"},{"taxonomy":"post_tag","embeddable":true,"href":"https:\/\/eldiariodesanpedro.com.ar\/sitio\/wp-json\/wp\/v2\/tags?post=32769"}],"curies":[{"name":"wp","href":"https:\/\/api.w.org\/{rel}","templated":true}]}}