{"id":32766,"date":"2018-05-07T18:13:11","date_gmt":"2018-05-07T21:13:11","guid":{"rendered":"https:\/\/eldiariodesanpedro.com.ar\/sitio\/?p=32766"},"modified":"2018-05-07T18:13:11","modified_gmt":"2018-05-07T21:13:11","slug":"baradero-jardin-908-el-durlock-se-desprendio-y-no-se-podia-abrir-la-puerta-de-entrada","status":"publish","type":"post","link":"https:\/\/eldiariodesanpedro.com.ar\/sitio\/baradero-jardin-908-el-durlock-se-desprendio-y-no-se-podia-abrir-la-puerta-de-entrada\/","title":{"rendered":"BARADERO: Jard\u00edn 908, \u201cEl durlock se desprendi\u00f3 y no se pod\u00eda abrir la puerta de entrada\u201d"},"content":{"rendered":"<p><!-- VideographyWP Plugin Message: Automatic video embedding prevented by plugin options. --><br \/>\nJose Guidi, presidente del Consejo Escolar, dialog\u00f3 en 105.7 Tu Radio respecto de la ca\u00edda del durlock colocado en el alero de entrada del jard\u00edn 908.  \u201cEl durlock se desprendi\u00f3 y no se pod\u00eda abrir la puerta de entrada\u201d afirm\u00f3.<\/p>\n<p>Se trata de una obra que se encuentra recientemente inaugurada. Este viernes, luego de las intensas lluvias, los responsables del establecimiento se encontraron con el desprendimiento. El Presidente del Consejo Escolar, explic\u00f3:<\/p>\n<p>\u201cLa empresa cometi\u00f3 una desprolijidad que fue en vez de revocar con un fino el alero desde abajo, por una cuesti\u00f3n est\u00e9tica pusieron una plancha de durlock (\u2026) con las inclemencias clim\u00e1tica, tanta humedad, la ha absorbido el durlock y provoc\u00f3 que el durlock se desprenda, ni siquiera se cay\u00f3, el durlock se desprendi\u00f3 y no se pod\u00eda abrir la puerta\u201d.<\/p>\n<p>Por lo sucedido, los chicos que concurren a ese establecimiento no tuvieron clases el d\u00eda viernes, porque no se pod\u00eda abrir la puerta de entrada.<br \/>\nGuidi se encontraba en ese momento recorriendo obras con la arquitecta que tiene distrito, por lo cual, cuando le informaron de lo sucedido, se acercaron al lugar.<\/p>\n<p>Se comunicaron con el responsable de la obra quien se present\u00f3 el s\u00e1bado en la ciudad. Supervisaron que se realice como corresponde  y los chicos volvieron a clase este lunes. De todos modos, solicitar\u00e1n una revisi\u00f3n de toda la obra a partir de lo sucedido.<\/p>\n<p>Fuente: Tu Linea Directa<\/p>\n","protected":false},"excerpt":{"rendered":"<p>Jose Guidi, presidente del Consejo Escolar, dialog\u00f3 en 105.7 Tu Radio respecto de la ca\u00edda del durlock colocado en el alero de entrada del jard\u00edn 908. \u201cEl durlock se desprendi\u00f3 y no se pod\u00eda abrir la puerta de entrada\u201d afirm\u00f3. Se trata de una obra que se encuentra recientemente inaugurada. Este viernes, luego de las [&hellip;]<\/p>\n","protected":false},"author":4,"featured_media":32767,"comment_status":"open","ping_status":"closed","sticky":false,"template":"","format":"standard","meta":{"om_disable_all_campaigns":false,"_jetpack_memberships_contains_paid_content":false,"footnotes":""},"categories":[621],"tags":[],"class_list":["post-32766","post","type-post","status-publish","format-standard","has-post-thumbnail","hentry","category-regionales"],"aioseo_notices":[],"gutentor_comment":0,"jetpack_featured_media_url":"https:\/\/eldiariodesanpedro.com.ar\/sitio\/wp-content\/uploads\/2018\/05\/PAGINA-6-UNO.jpg","jetpack_shortlink":"https:\/\/wp.me\/p6RhLt-8wu","jetpack_sharing_enabled":true,"_links":{"self":[{"href":"https:\/\/eldiariodesanpedro.com.ar\/sitio\/wp-json\/wp\/v2\/posts\/32766","targetHints":{"allow":["GET"]}}],"collection":[{"href":"https:\/\/eldiariodesanpedro.com.ar\/sitio\/wp-json\/wp\/v2\/posts"}],"about":[{"href":"https:\/\/eldiariodesanpedro.com.ar\/sitio\/wp-json\/wp\/v2\/types\/post"}],"author":[{"embeddable":true,"href":"https:\/\/eldiariodesanpedro.com.ar\/sitio\/wp-json\/wp\/v2\/users\/4"}],"replies":[{"embeddable":true,"href":"https:\/\/eldiariodesanpedro.com.ar\/sitio\/wp-json\/wp\/v2\/comments?post=32766"}],"version-history":[{"count":1,"href":"https:\/\/eldiariodesanpedro.com.ar\/sitio\/wp-json\/wp\/v2\/posts\/32766\/revisions"}],"predecessor-version":[{"id":32768,"href":"https:\/\/eldiariodesanpedro.com.ar\/sitio\/wp-json\/wp\/v2\/posts\/32766\/revisions\/32768"}],"wp:featuredmedia":[{"embeddable":true,"href":"https:\/\/eldiariodesanpedro.com.ar\/sitio\/wp-json\/wp\/v2\/media\/32767"}],"wp:attachment":[{"href":"https:\/\/eldiariodesanpedro.com.ar\/sitio\/wp-json\/wp\/v2\/media?parent=32766"}],"wp:term":[{"taxonomy":"category","embeddable":true,"href":"https:\/\/eldiariodesanpedro.com.ar\/sitio\/wp-json\/wp\/v2\/categories?post=32766"},{"taxonomy":"post_tag","embeddable":true,"href":"https:\/\/eldiariodesanpedro.com.ar\/sitio\/wp-json\/wp\/v2\/tags?post=32766"}],"curies":[{"name":"wp","href":"https:\/\/api.w.org\/{rel}","templated":true}]}}