{"id":32759,"date":"2018-05-07T18:01:38","date_gmt":"2018-05-07T21:01:38","guid":{"rendered":"https:\/\/eldiariodesanpedro.com.ar\/sitio\/?p=32759"},"modified":"2018-05-07T18:06:50","modified_gmt":"2018-05-07T21:06:50","slug":"colision-entre-un-automovil-y-una-motocicleta","status":"publish","type":"post","link":"https:\/\/eldiariodesanpedro.com.ar\/sitio\/colision-entre-un-automovil-y-una-motocicleta\/","title":{"rendered":"Colisi\u00f3n entre un autom\u00f3vil y una motocicleta"},"content":{"rendered":"<p><!-- VideographyWP Plugin Message: Automatic video embedding prevented by plugin options. --><br \/>\nPor causas que se tratan de establecer en la esquina de Ansaloni y Ayacucho se produjo la colisi\u00f3n entre una motocicleta Gilera Smash 110 cc color gris y un autom\u00f3vil Renault Duster.<\/p>\n<p>En el veh\u00edculo circulaba una mujer y en la motocicleta un joven mayor de edad junto a un acompa\u00f1ante quienes se dirig\u00eda contramano de calle Ansaloni a gran velocidad, seg\u00fan lo que comentaron los testigos del hecho.<\/p>\n<p>El joven conductor de la motocicleta fue el \u00fanico trasladado por la ambulancia del SAME a la guardia del hospital Emilio Ruffa donde se le realizaron las curaciones necesarias.<\/p>\n","protected":false},"excerpt":{"rendered":"<p>Por causas que se tratan de establecer en la esquina de Ansaloni y Ayacucho se produjo la colisi\u00f3n entre una motocicleta Gilera Smash 110 cc color gris y un autom\u00f3vil Renault Duster. En el veh\u00edculo circulaba una mujer y en la motocicleta un joven mayor de edad junto a un acompa\u00f1ante quienes se dirig\u00eda contramano [&hellip;]<\/p>\n","protected":false},"author":4,"featured_media":32761,"comment_status":"open","ping_status":"closed","sticky":false,"template":"","format":"standard","meta":{"om_disable_all_campaigns":false,"_jetpack_memberships_contains_paid_content":false,"footnotes":""},"categories":[2,103],"tags":[],"class_list":["post-32759","post","type-post","status-publish","format-standard","has-post-thumbnail","hentry","category-locales","category-policiales-locales"],"aioseo_notices":[],"gutentor_comment":0,"jetpack_featured_media_url":"https:\/\/eldiariodesanpedro.com.ar\/sitio\/wp-content\/uploads\/2018\/05\/20180507_121704-e1525727194563.jpg","jetpack_shortlink":"https:\/\/wp.me\/p6RhLt-8wn","jetpack_sharing_enabled":true,"_links":{"self":[{"href":"https:\/\/eldiariodesanpedro.com.ar\/sitio\/wp-json\/wp\/v2\/posts\/32759","targetHints":{"allow":["GET"]}}],"collection":[{"href":"https:\/\/eldiariodesanpedro.com.ar\/sitio\/wp-json\/wp\/v2\/posts"}],"about":[{"href":"https:\/\/eldiariodesanpedro.com.ar\/sitio\/wp-json\/wp\/v2\/types\/post"}],"author":[{"embeddable":true,"href":"https:\/\/eldiariodesanpedro.com.ar\/sitio\/wp-json\/wp\/v2\/users\/4"}],"replies":[{"embeddable":true,"href":"https:\/\/eldiariodesanpedro.com.ar\/sitio\/wp-json\/wp\/v2\/comments?post=32759"}],"version-history":[{"count":2,"href":"https:\/\/eldiariodesanpedro.com.ar\/sitio\/wp-json\/wp\/v2\/posts\/32759\/revisions"}],"predecessor-version":[{"id":32765,"href":"https:\/\/eldiariodesanpedro.com.ar\/sitio\/wp-json\/wp\/v2\/posts\/32759\/revisions\/32765"}],"wp:featuredmedia":[{"embeddable":true,"href":"https:\/\/eldiariodesanpedro.com.ar\/sitio\/wp-json\/wp\/v2\/media\/32761"}],"wp:attachment":[{"href":"https:\/\/eldiariodesanpedro.com.ar\/sitio\/wp-json\/wp\/v2\/media?parent=32759"}],"wp:term":[{"taxonomy":"category","embeddable":true,"href":"https:\/\/eldiariodesanpedro.com.ar\/sitio\/wp-json\/wp\/v2\/categories?post=32759"},{"taxonomy":"post_tag","embeddable":true,"href":"https:\/\/eldiariodesanpedro.com.ar\/sitio\/wp-json\/wp\/v2\/tags?post=32759"}],"curies":[{"name":"wp","href":"https:\/\/api.w.org\/{rel}","templated":true}]}}