{"id":32756,"date":"2018-05-07T17:39:25","date_gmt":"2018-05-07T20:39:25","guid":{"rendered":"https:\/\/eldiariodesanpedro.com.ar\/sitio\/?p=32756"},"modified":"2018-05-07T17:39:25","modified_gmt":"2018-05-07T20:39:25","slug":"el-colectivo-del-grupo-alegria-sufrio-un-accidente-en-la-ruta-9-a-la-altura-de-gdor-castro","status":"publish","type":"post","link":"https:\/\/eldiariodesanpedro.com.ar\/sitio\/el-colectivo-del-grupo-alegria-sufrio-un-accidente-en-la-ruta-9-a-la-altura-de-gdor-castro\/","title":{"rendered":"El colectivo del Grupo Alegr\u00eda sufri\u00f3 un accidente en la Ruta 9 a la altura de Gdor. Castro"},"content":{"rendered":"<p><!-- VideographyWP Plugin Message: Automatic video embedding prevented by plugin options. --><br \/>\nEl micro que trasladaba al Grupo Alegr\u00eda volc\u00f3 este domingo en horas de la madrugada. Por causas que se desconocen, el conductor perdi\u00f3 el control y el colectivo qued\u00f3 recostado sobre la banquina de la ruta.<br \/>\nLa banda regresaba de un show en Campana, provincia de Buenos Aires. El accidente se produjo en la Autopista Rosario \u2013 Buenos Aires, entre las localidades de Ramallo y San Pedro.<\/p>\n<p>En di\u00e1logo exclusivo con Aire de Santa Fe, Horacio, cantante del grupo manifest\u00f3: \u201cSalimos a trabajar y al regreso a Santa Fe en cuesti\u00f3n de segundos notamos que se desestabiliz\u00f3 el colectivo con la banquina y terminamos volcando. Fue un susto tremendo. Ibamos 11 personas dentro del colectivo m\u00e1s todos los equipos\u201d.<\/p>\n<p>\u201cQuedamos paralizados del susto, no reaccionabamos\u201d. <\/p>\n<p>Coment\u00f3 que en ese momento el asfalto estaba h\u00famedo y resbaladizo debido a una llovizna que ca\u00eda en la zona.<\/p>\n<p>Todos los ocupantes del veh\u00edculo se encuentran fuera de peligro. Uno de los integrantes del grupo permaneci\u00f3 internado en un nosocomio de la zona por una lesi\u00f3n en su hombro, pero ya est\u00e1 siendo trasladado a Santa Fe.<\/p>\n<p>Fuente: Aire de Santa Fe<\/p>\n","protected":false},"excerpt":{"rendered":"<p>El micro que trasladaba al Grupo Alegr\u00eda volc\u00f3 este domingo en horas de la madrugada. Por causas que se desconocen, el conductor perdi\u00f3 el control y el colectivo qued\u00f3 recostado sobre la banquina de la ruta. La banda regresaba de un show en Campana, provincia de Buenos Aires. El accidente se produjo en la Autopista [&hellip;]<\/p>\n","protected":false},"author":4,"featured_media":32757,"comment_status":"open","ping_status":"closed","sticky":false,"template":"","format":"standard","meta":{"om_disable_all_campaigns":false,"_jetpack_memberships_contains_paid_content":false,"footnotes":""},"categories":[101,2],"tags":[],"class_list":["post-32756","post","type-post","status-publish","format-standard","has-post-thumbnail","hentry","category-interes-general-locales","category-locales"],"aioseo_notices":[],"gutentor_comment":0,"jetpack_featured_media_url":"https:\/\/eldiariodesanpedro.com.ar\/sitio\/wp-content\/uploads\/2018\/05\/PAGINA-3-DOS.jpg","jetpack_shortlink":"https:\/\/wp.me\/p6RhLt-8wk","jetpack_sharing_enabled":true,"_links":{"self":[{"href":"https:\/\/eldiariodesanpedro.com.ar\/sitio\/wp-json\/wp\/v2\/posts\/32756","targetHints":{"allow":["GET"]}}],"collection":[{"href":"https:\/\/eldiariodesanpedro.com.ar\/sitio\/wp-json\/wp\/v2\/posts"}],"about":[{"href":"https:\/\/eldiariodesanpedro.com.ar\/sitio\/wp-json\/wp\/v2\/types\/post"}],"author":[{"embeddable":true,"href":"https:\/\/eldiariodesanpedro.com.ar\/sitio\/wp-json\/wp\/v2\/users\/4"}],"replies":[{"embeddable":true,"href":"https:\/\/eldiariodesanpedro.com.ar\/sitio\/wp-json\/wp\/v2\/comments?post=32756"}],"version-history":[{"count":1,"href":"https:\/\/eldiariodesanpedro.com.ar\/sitio\/wp-json\/wp\/v2\/posts\/32756\/revisions"}],"predecessor-version":[{"id":32758,"href":"https:\/\/eldiariodesanpedro.com.ar\/sitio\/wp-json\/wp\/v2\/posts\/32756\/revisions\/32758"}],"wp:featuredmedia":[{"embeddable":true,"href":"https:\/\/eldiariodesanpedro.com.ar\/sitio\/wp-json\/wp\/v2\/media\/32757"}],"wp:attachment":[{"href":"https:\/\/eldiariodesanpedro.com.ar\/sitio\/wp-json\/wp\/v2\/media?parent=32756"}],"wp:term":[{"taxonomy":"category","embeddable":true,"href":"https:\/\/eldiariodesanpedro.com.ar\/sitio\/wp-json\/wp\/v2\/categories?post=32756"},{"taxonomy":"post_tag","embeddable":true,"href":"https:\/\/eldiariodesanpedro.com.ar\/sitio\/wp-json\/wp\/v2\/tags?post=32756"}],"curies":[{"name":"wp","href":"https:\/\/api.w.org\/{rel}","templated":true}]}}