{"id":32753,"date":"2018-05-07T10:30:45","date_gmt":"2018-05-07T13:30:45","guid":{"rendered":"https:\/\/eldiariodesanpedro.com.ar\/sitio\/?p=32753"},"modified":"2018-05-07T10:30:45","modified_gmt":"2018-05-07T13:30:45","slug":"rompieron-la-vidriera-de-local-comercial-sin-llevarse-nada","status":"publish","type":"post","link":"https:\/\/eldiariodesanpedro.com.ar\/sitio\/rompieron-la-vidriera-de-local-comercial-sin-llevarse-nada\/","title":{"rendered":"Rompieron la vidriera de local comercial sin llevarse nada"},"content":{"rendered":"<p><!-- VideographyWP Plugin Message: Automatic video embedding prevented by plugin options. --><br \/>\nEste domingo alrededor de las 03 hs autores ignorados efectuaron da\u00f1os en vidriera de comercio de rubro venta de indumentaria ubicado en calle G\u00fcemes 20. <\/p>\n<p>Que dichos da\u00f1os fueron provocados en destrucci\u00f3n total de blindex de vidriera, activando alarma de seguridad que alert\u00f3 en primera instancia a propietario, no constatando faltante alguna.<\/p>\n","protected":false},"excerpt":{"rendered":"<p>Este domingo alrededor de las 03 hs autores ignorados efectuaron da\u00f1os en vidriera de comercio de rubro venta de indumentaria ubicado en calle G\u00fcemes 20. Que dichos da\u00f1os fueron provocados en destrucci\u00f3n total de blindex de vidriera, activando alarma de seguridad que alert\u00f3 en primera instancia a propietario, no constatando faltante alguna.<\/p>\n","protected":false},"author":4,"featured_media":32754,"comment_status":"open","ping_status":"closed","sticky":false,"template":"","format":"standard","meta":{"om_disable_all_campaigns":false,"_jetpack_memberships_contains_paid_content":false,"footnotes":""},"categories":[2,103],"tags":[],"class_list":["post-32753","post","type-post","status-publish","format-standard","has-post-thumbnail","hentry","category-locales","category-policiales-locales"],"aioseo_notices":[],"gutentor_comment":0,"jetpack_featured_media_url":"https:\/\/eldiariodesanpedro.com.ar\/sitio\/wp-content\/uploads\/2018\/05\/Sin-t\u00edtulo-1.jpg","jetpack_shortlink":"https:\/\/wp.me\/p6RhLt-8wh","jetpack_sharing_enabled":true,"_links":{"self":[{"href":"https:\/\/eldiariodesanpedro.com.ar\/sitio\/wp-json\/wp\/v2\/posts\/32753","targetHints":{"allow":["GET"]}}],"collection":[{"href":"https:\/\/eldiariodesanpedro.com.ar\/sitio\/wp-json\/wp\/v2\/posts"}],"about":[{"href":"https:\/\/eldiariodesanpedro.com.ar\/sitio\/wp-json\/wp\/v2\/types\/post"}],"author":[{"embeddable":true,"href":"https:\/\/eldiariodesanpedro.com.ar\/sitio\/wp-json\/wp\/v2\/users\/4"}],"replies":[{"embeddable":true,"href":"https:\/\/eldiariodesanpedro.com.ar\/sitio\/wp-json\/wp\/v2\/comments?post=32753"}],"version-history":[{"count":1,"href":"https:\/\/eldiariodesanpedro.com.ar\/sitio\/wp-json\/wp\/v2\/posts\/32753\/revisions"}],"predecessor-version":[{"id":32755,"href":"https:\/\/eldiariodesanpedro.com.ar\/sitio\/wp-json\/wp\/v2\/posts\/32753\/revisions\/32755"}],"wp:featuredmedia":[{"embeddable":true,"href":"https:\/\/eldiariodesanpedro.com.ar\/sitio\/wp-json\/wp\/v2\/media\/32754"}],"wp:attachment":[{"href":"https:\/\/eldiariodesanpedro.com.ar\/sitio\/wp-json\/wp\/v2\/media?parent=32753"}],"wp:term":[{"taxonomy":"category","embeddable":true,"href":"https:\/\/eldiariodesanpedro.com.ar\/sitio\/wp-json\/wp\/v2\/categories?post=32753"},{"taxonomy":"post_tag","embeddable":true,"href":"https:\/\/eldiariodesanpedro.com.ar\/sitio\/wp-json\/wp\/v2\/tags?post=32753"}],"curies":[{"name":"wp","href":"https:\/\/api.w.org\/{rel}","templated":true}]}}